{"id":6531,"date":"2025-03-07T13:15:09","date_gmt":"2025-03-07T12:15:09","guid":{"rendered":"https:\/\/wpd.ugr.es\/~filolab\/wordpress\/?p=6531"},"modified":"2025-03-07T13:20:12","modified_gmt":"2025-03-07T12:20:12","slug":"mesa-redonda-sobre-eutanasia-y-cuidados-paliativos-en-el-iii-encuentro-de-la-red-de-cuidados-paliativos-de-andalucia","status":"publish","type":"post","link":"https:\/\/wpd.ugr.es\/~filolab\/wordpress\/2025\/03\/07\/mesa-redonda-sobre-eutanasia-y-cuidados-paliativos-en-el-iii-encuentro-de-la-red-de-cuidados-paliativos-de-andalucia\/","title":{"rendered":"Mesa redonda sobre Eutanasia y Cuidados Paliativos en el III Encuentro de la Red de Cuidados Paliativos de Andaluc\u00eda"},"content":{"rendered":"<p data-renderer-start-pos=\"1\">El pr\u00f3ximo d\u00eda 18 de marzo tendr\u00e1 lugar<span style=\"color: #3f96ac;\"> <a class=\"css-1rn59kg\" style=\"color: #3f96ac;\" title=\"https:\/\/intranet.easp.es\/sipro2\/Documento.aspx?id=25M41J\" href=\"https:\/\/intranet.easp.es\/sipro2\/Documento.aspx?id=25M41J\" data-testid=\"link-with-safety\" data-renderer-mark=\"true\">III Encuentro de la Red de Cuidados Paliativos de Andaluc\u00eda<\/a><\/span> que se celebrar\u00e1 en la Escuela Andaluza de Salud P\u00fablica (Campus Universitario de Cartuja,\u00a0<a class=\"css-1rn59kg\" title=\"https:\/\/www.google.com\/maps\/search\/Cuesta+del+Observatorio,+4.+Granada?entry=gmail&amp;source=g\" href=\"https:\/\/www.google.com\/maps\/search\/Cuesta+del+Observatorio,+4.+Granada?entry=gmail&amp;source=g\" data-testid=\"link-with-safety\" data-renderer-mark=\"true\">Cuesta del Observatorio, 4. Granada<\/a>).<\/p>\n<p data-renderer-start-pos=\"412\">En esta jornada, habr\u00e1 diferentes din\u00e1micas y actividades, entre las cuales se encuentra la Mesa Coloquio bajo el t\u00edtulo <strong data-renderer-mark=\"true\">\u00abEutanasia y Cuidados Paliativos, \u00bfhablamos?\u00bb<\/strong> a las 12.30h en la que participan <span style=\"color: #3f96ac;\"><a style=\"color: #3f96ac;\" href=\"https:\/\/wpd.ugr.es\/~filolab\/wordpress\/quienes-somos-nueva\/investigadores-garantes\/david-rodriguez-arias\/\">David Rodr\u00edguez-Arias<\/a><\/span>, subdirector de FiloLab e IP del proyecto <span style=\"color: #3f96ac;\"><a style=\"color: #3f96ac;\" href=\"https:\/\/www.inedyto.com\/\">INEDyTO<\/a><\/span>, y Miguel Melguizo, miembro del equipo, para debatir sobre estas cuestiones de final de vida.<\/p>\n<p data-renderer-start-pos=\"754\">Esperamos veros en este magn\u00edfico encuentro de profesionales para\u00a0reflexionar, actualizar conocimientos e\u00a0intercambiar experiencias.<br \/>\u200b<br \/><a class=\"css-1rn59kg\" title=\"https:\/\/www.easp.edu.es\/programadocente\/Preinscripcion\/?idCurso=2uyn3P7wuGYisFSwzy8oNOsTkIAVce6uTOp%2f5r%2bMqj4%3d\" href=\"https:\/\/www.easp.edu.es\/programadocente\/Preinscripcion\/?idCurso=2uyn3P7wuGYisFSwzy8oNOsTkIAVce6uTOp%2f5r%2bMqj4%3d\" data-testid=\"link-with-safety\" data-renderer-mark=\"true\"><span style=\"color: #3f96ac;\">Inscripciones a\u00fan abiertas<\/span>.<\/a><\/p>\n\n\n<figure class=\"wp-block-image size-large\"><img loading=\"lazy\" width=\"724\" height=\"1024\" src=\"http:\/\/wpd.ugr.es\/~filolab\/wordpress\/wp-content\/uploads\/2025\/03\/programa-Encuentro-REDPAL-v5_page-0001-724x1024.jpg\" alt=\"\" class=\"wp-image-6532\" srcset=\"https:\/\/wpd.ugr.es\/~filolab\/wordpress\/wp-content\/uploads\/2025\/03\/programa-Encuentro-REDPAL-v5_page-0001-724x1024.jpg 724w, https:\/\/wpd.ugr.es\/~filolab\/wordpress\/wp-content\/uploads\/2025\/03\/programa-Encuentro-REDPAL-v5_page-0001-212x300.jpg 212w, https:\/\/wpd.ugr.es\/~filolab\/wordpress\/wp-content\/uploads\/2025\/03\/programa-Encuentro-REDPAL-v5_page-0001-768x1086.jpg 768w, https:\/\/wpd.ugr.es\/~filolab\/wordpress\/wp-content\/uploads\/2025\/03\/programa-Encuentro-REDPAL-v5_page-0001-1086x1536.jpg 1086w, https:\/\/wpd.ugr.es\/~filolab\/wordpress\/wp-content\/uploads\/2025\/03\/programa-Encuentro-REDPAL-v5_page-0001.jpg 1241w\" sizes=\"(max-width: 724px) 100vw, 724px\" \/><\/figure>\n<!-- AddThis Advanced Settings generic via filter on the_content --><!-- AddThis Share Buttons generic via filter on the_content -->","protected":false},"excerpt":{"rendered":"<p>El pr\u00f3ximo d\u00eda 18 de marzo tendr\u00e1 lugar III Encuentro de la Red de Cuidados Paliativos de Andaluc\u00eda que se celebrar\u00e1 en la Escuela Andaluza de Salud P\u00fablica (Campus Universitario de Cartuja,\u00a0Cuesta del Observatorio, 4. Granada). En esta jornada, habr\u00e1 diferentes din\u00e1micas y actividades, entre las cuales se encuentra la Mesa Coloquio bajo el t\u00edtulo [&hellip;]<!-- AddThis Advanced Settings generic via filter on get_the_excerpt --><!-- AddThis Share Buttons generic via filter on get_the_excerpt --><\/p>\n","protected":false},"author":1,"featured_media":6537,"comment_status":"open","ping_status":"open","sticky":false,"template":"","format":"standard","meta":[],"categories":[1239,3392,141,1162,3340],"tags":[437,380,1524,3560],"_links":{"self":[{"href":"https:\/\/wpd.ugr.es\/~filolab\/wordpress\/wp-json\/wp\/v2\/posts\/6531"}],"collection":[{"href":"https:\/\/wpd.ugr.es\/~filolab\/wordpress\/wp-json\/wp\/v2\/posts"}],"about":[{"href":"https:\/\/wpd.ugr.es\/~filolab\/wordpress\/wp-json\/wp\/v2\/types\/post"}],"author":[{"embeddable":true,"href":"https:\/\/wpd.ugr.es\/~filolab\/wordpress\/wp-json\/wp\/v2\/users\/1"}],"replies":[{"embeddable":true,"href":"https:\/\/wpd.ugr.es\/~filolab\/wordpress\/wp-json\/wp\/v2\/comments?post=6531"}],"version-history":[{"count":2,"href":"https:\/\/wpd.ugr.es\/~filolab\/wordpress\/wp-json\/wp\/v2\/posts\/6531\/revisions"}],"predecessor-version":[{"id":6536,"href":"https:\/\/wpd.ugr.es\/~filolab\/wordpress\/wp-json\/wp\/v2\/posts\/6531\/revisions\/6536"}],"wp:featuredmedia":[{"embeddable":true,"href":"https:\/\/wpd.ugr.es\/~filolab\/wordpress\/wp-json\/wp\/v2\/media\/6537"}],"wp:attachment":[{"href":"https:\/\/wpd.ugr.es\/~filolab\/wordpress\/wp-json\/wp\/v2\/media?parent=6531"}],"wp:term":[{"taxonomy":"category","embeddable":true,"href":"https:\/\/wpd.ugr.es\/~filolab\/wordpress\/wp-json\/wp\/v2\/categories?post=6531"},{"taxonomy":"post_tag","embeddable":true,"href":"https:\/\/wpd.ugr.es\/~filolab\/wordpress\/wp-json\/wp\/v2\/tags?post=6531"}],"curies":[{"name":"wp","href":"https:\/\/api.w.org\/{rel}","templated":true}]}}