{"id":6538,"date":"2025-03-12T11:10:44","date_gmt":"2025-03-12T10:10:44","guid":{"rendered":"https:\/\/wpd.ugr.es\/~filolab\/wordpress\/?p=6538"},"modified":"2025-03-19T10:40:21","modified_gmt":"2025-03-19T09:40:21","slug":"workshop-applied-issues-in-current-epistemology-and-philosophy-of-language","status":"publish","type":"post","link":"https:\/\/wpd.ugr.es\/~filolab\/wordpress\/2025\/03\/12\/workshop-applied-issues-in-current-epistemology-and-philosophy-of-language\/","title":{"rendered":"Workshop \u00abApplied Issues in Current Epistemology and Philosophy of Language\u00bb"},"content":{"rendered":"<p>Los pr\u00f3ximos 20 y 21 de marzo tendr\u00e1 lugar, en el Instituto de Filosof\u00eda de la Universidad de Oporto (Portugal), el workshop \u00abApplied Issues in Current Epistemology and Philosophy of Language\u00bb. El evento, organizado por <a href=\"https:\/\/danzeman.weebly.com\/\"><span style=\"color: #3f96ac;\">Dan Zeman<\/span><\/a> y <span style=\"color: #3f96ac;\"><a style=\"color: #3f96ac;\" href=\"https:\/\/scholar.google.ca\/citations?hl=en&amp;user=MY-vhW8AAAAJ&amp;view_op=list_works&amp;sortby=pubdate\">Tim Kenyon<\/a><\/span>, re\u00fane a especialistas internacionales en la aplicaci\u00f3n de la epistemolog\u00eda y la filosof\u00eda del lenguaje a temas de relevancia sociopol\u00edtica, como los aspectos sociales del conocimiento, la injusticia epist\u00e9mica, los usos ling\u00fc\u00edsticos que contribuyen a la discriminaci\u00f3n y la propaganda, los sesgos impl\u00edcitos, etc. Este repertorio de temas configura, entre otros, el campo de lo que ha venido a llamarse el \u00ab<span style=\"color: #3f96ac;\"><a style=\"color: #3f96ac;\" href=\"https:\/\/www.degruyter.com\/document\/doi\/10.1515\/9783110612318\/html?srsltid=AfmBOoo9luzU0eY-tTQZdOk_Uer1tKUZuXnvJzEtuY5LEg7xF7IxcYaW\">giro pol\u00edtico de la filosof\u00eda anal\u00edtica<\/a><\/span>\u00ab.<\/p>\n<p>Nuestros compa\u00f1eros <span style=\"color: #3f96ac;\"><a style=\"color: #3f96ac;\" href=\"https:\/\/wpd.ugr.es\/~filolab\/wordpress\/quienes-somos-nueva\/investigadores-colaboradores-de-centros-nacionales-e-internacionales\/alba-moreno-zurita\/\">Alba Moreno Zurita<\/a><\/span> y <span style=\"color: #3f96ac;\"><a style=\"color: #3f96ac;\" href=\"https:\/\/wpd.ugr.es\/~filolab\/wordpress\/quienes-somos-nueva\/investigadores-en-formacion\/sergio-guerra\/\">Sergio Guerra<\/a><\/span>, de FiloLab, participan en el workshop con una ponencia titulada \u00abThe Perks of Being Fusioned\u00bb.<\/p>\n<p>Se puede acceder al programa completo a trav\u00e9s de <span style=\"color: #3f96ac;\"><a style=\"color: #3f96ac;\" href=\"https:\/\/danzeman.weebly.com\/applied-issues-in-current-epistemology-and-philosophy-of-language.html\">este enlace<\/a><\/span>.<\/p>\n\n\n<figure class=\"wp-block-image size-large\"><img loading=\"lazy\" width=\"724\" height=\"1024\" src=\"https:\/\/wpd.ugr.es\/~filolab\/wordpress\/wp-content\/uploads\/2025\/03\/Po\u0301ster_WorkshopOporto_Mar2025-724x1024.jpg\" alt=\"\" class=\"wp-image-6565\" srcset=\"https:\/\/wpd.ugr.es\/~filolab\/wordpress\/wp-content\/uploads\/2025\/03\/Po\u0301ster_WorkshopOporto_Mar2025-724x1024.jpg 724w, https:\/\/wpd.ugr.es\/~filolab\/wordpress\/wp-content\/uploads\/2025\/03\/Po\u0301ster_WorkshopOporto_Mar2025-212x300.jpg 212w, https:\/\/wpd.ugr.es\/~filolab\/wordpress\/wp-content\/uploads\/2025\/03\/Po\u0301ster_WorkshopOporto_Mar2025-768x1086.jpg 768w, https:\/\/wpd.ugr.es\/~filolab\/wordpress\/wp-content\/uploads\/2025\/03\/Po\u0301ster_WorkshopOporto_Mar2025-1086x1536.jpg 1086w, https:\/\/wpd.ugr.es\/~filolab\/wordpress\/wp-content\/uploads\/2025\/03\/Po\u0301ster_WorkshopOporto_Mar2025.jpg 1241w\" sizes=\"(max-width: 724px) 100vw, 724px\" \/><\/figure>\n<!-- AddThis Advanced Settings generic via filter on the_content --><!-- AddThis Share Buttons generic via filter on the_content -->","protected":false},"excerpt":{"rendered":"<p>Los pr\u00f3ximos 20 y 21 de marzo tendr\u00e1 lugar, en el Instituto de Filosof\u00eda de la Universidad de Oporto (Portugal), el workshop \u00abApplied Issues in Current Epistemology and Philosophy of Language\u00bb. El evento, organizado por Dan Zeman y Tim Kenyon, re\u00fane a especialistas internacionales en la aplicaci\u00f3n de la epistemolog\u00eda y la filosof\u00eda del lenguaje [&hellip;]<!-- AddThis Advanced Settings generic via filter on get_the_excerpt --><!-- AddThis Share Buttons generic via filter on get_the_excerpt --><\/p>\n","protected":false},"author":1,"featured_media":6571,"comment_status":"open","ping_status":"open","sticky":false,"template":"","format":"standard","meta":[],"categories":[1239,16,1162,3340],"tags":[59,79,3732,3580,3734,935,955],"_links":{"self":[{"href":"https:\/\/wpd.ugr.es\/~filolab\/wordpress\/wp-json\/wp\/v2\/posts\/6538"}],"collection":[{"href":"https:\/\/wpd.ugr.es\/~filolab\/wordpress\/wp-json\/wp\/v2\/posts"}],"about":[{"href":"https:\/\/wpd.ugr.es\/~filolab\/wordpress\/wp-json\/wp\/v2\/types\/post"}],"author":[{"embeddable":true,"href":"https:\/\/wpd.ugr.es\/~filolab\/wordpress\/wp-json\/wp\/v2\/users\/1"}],"replies":[{"embeddable":true,"href":"https:\/\/wpd.ugr.es\/~filolab\/wordpress\/wp-json\/wp\/v2\/comments?post=6538"}],"version-history":[{"count":4,"href":"https:\/\/wpd.ugr.es\/~filolab\/wordpress\/wp-json\/wp\/v2\/posts\/6538\/revisions"}],"predecessor-version":[{"id":6566,"href":"https:\/\/wpd.ugr.es\/~filolab\/wordpress\/wp-json\/wp\/v2\/posts\/6538\/revisions\/6566"}],"wp:featuredmedia":[{"embeddable":true,"href":"https:\/\/wpd.ugr.es\/~filolab\/wordpress\/wp-json\/wp\/v2\/media\/6571"}],"wp:attachment":[{"href":"https:\/\/wpd.ugr.es\/~filolab\/wordpress\/wp-json\/wp\/v2\/media?parent=6538"}],"wp:term":[{"taxonomy":"category","embeddable":true,"href":"https:\/\/wpd.ugr.es\/~filolab\/wordpress\/wp-json\/wp\/v2\/categories?post=6538"},{"taxonomy":"post_tag","embeddable":true,"href":"https:\/\/wpd.ugr.es\/~filolab\/wordpress\/wp-json\/wp\/v2\/tags?post=6538"}],"curies":[{"name":"wp","href":"https:\/\/api.w.org\/{rel}","templated":true}]}}