{"id":6654,"date":"2025-03-28T11:02:45","date_gmt":"2025-03-28T10:02:45","guid":{"rendered":"https:\/\/wpd.ugr.es\/~filolab\/wordpress\/?p=6654"},"modified":"2025-03-28T11:15:39","modified_gmt":"2025-03-28T10:15:39","slug":"vi-jornada-de-etica-y-deontologia-bioetica-en-urgencias-y-emergencias-sanitarias","status":"publish","type":"post","link":"https:\/\/wpd.ugr.es\/~filolab\/wordpress\/2025\/03\/28\/vi-jornada-de-etica-y-deontologia-bioetica-en-urgencias-y-emergencias-sanitarias\/","title":{"rendered":"VI Jornada de \u00c9tica y Deontolog\u00eda: \u00abBio\u00e9tica en Urgencias y Emergencias Sanitarias\u00bb"},"content":{"rendered":"<p>El martes, 1 de abril, tendr\u00e1 lugar la VI Jornada de \u00c9tica y Deontolog\u00eda sobre Bio\u00e9tica en Urgencias y Emergencias Sanitarias. Organizada por el Colegio de Enfermer\u00eda de Granada, el evento busca promover un trato m\u00e1s cercano, emp\u00e1tico y centrado en el paciente por parte de los profesionales de enfermer\u00eda. Se centra en reconocer la dignidad y el valor de cada individuo, as\u00ed como en responder a sus necesidades f\u00edsicas, emocionales y sociales de manera integral.<\/p>\n<p>Nuestro compa\u00f1ero <span style=\"color: #3f96ac;\"><a style=\"color: #3f96ac;\" href=\"https:\/\/wpd.ugr.es\/~filolab\/wordpress\/quienes-somos-nueva\/investigadores-garantes\/david-rodriguez-arias\/\">David Rodr\u00edguez-Arias<\/a><\/span>, subdirector de FiloLab, ser\u00e1 el encargado de la clausurar el acto con una conferencia sobre \u00abAspectos bio\u00e9ticos espec\u00edficos de la atenci\u00f3n cl\u00ednica de urgencias y emergencias\u00bb.<\/p>\n<p>\u200bLa Jornada se desarrollar\u00e1 en el Sal\u00f3n de Grados de la Facultad de Ciencias de la Salud (Avda. Ilustraci\u00f3n)<\/p>\n<p><span style=\"color: #3f96ac;\"><a style=\"color: #3f96ac;\" href=\"https:\/\/codegra.es\/cursos\/jornada\/216\/vi-jornada-de-etica-y-deontologia-bioetica-en-urgencias-y-emergencias-sanitarias\">En este enlace<\/a><\/span> se puede acceder a m\u00e1s detalles sobre la actividad, incluyendo el programa y el formulario de inscripci\u00f3n.<\/p>\n\n\n<figure class=\"wp-block-image size-full\"><img loading=\"lazy\" width=\"302\" height=\"427\" src=\"http:\/\/wpd.ugr.es\/~filolab\/wordpress\/wp-content\/uploads\/2025\/03\/cartel-20definitivo-20-comprimido.png\" alt=\"\" class=\"wp-image-6655\" srcset=\"https:\/\/wpd.ugr.es\/~filolab\/wordpress\/wp-content\/uploads\/2025\/03\/cartel-20definitivo-20-comprimido.png 302w, https:\/\/wpd.ugr.es\/~filolab\/wordpress\/wp-content\/uploads\/2025\/03\/cartel-20definitivo-20-comprimido-212x300.png 212w\" sizes=\"(max-width: 302px) 100vw, 302px\" \/><\/figure>\n<!-- AddThis Advanced Settings generic via filter on the_content --><!-- AddThis Share Buttons generic via filter on the_content -->","protected":false},"excerpt":{"rendered":"<p>El martes, 1 de abril, tendr\u00e1 lugar la VI Jornada de \u00c9tica y Deontolog\u00eda sobre Bio\u00e9tica en Urgencias y Emergencias Sanitarias. Organizada por el Colegio de Enfermer\u00eda de Granada, el evento busca promover un trato m\u00e1s cercano, emp\u00e1tico y centrado en el paciente por parte de los profesionales de enfermer\u00eda. Se centra en reconocer la [&hellip;]<!-- AddThis Advanced Settings generic via filter on get_the_excerpt --><!-- AddThis Share Buttons generic via filter on get_the_excerpt --><\/p>\n","protected":false},"author":1,"featured_media":6655,"comment_status":"open","ping_status":"open","sticky":false,"template":"","format":"standard","meta":[],"categories":[1239,3392,1162],"tags":[437,1243,1524,3766,3764],"_links":{"self":[{"href":"https:\/\/wpd.ugr.es\/~filolab\/wordpress\/wp-json\/wp\/v2\/posts\/6654"}],"collection":[{"href":"https:\/\/wpd.ugr.es\/~filolab\/wordpress\/wp-json\/wp\/v2\/posts"}],"about":[{"href":"https:\/\/wpd.ugr.es\/~filolab\/wordpress\/wp-json\/wp\/v2\/types\/post"}],"author":[{"embeddable":true,"href":"https:\/\/wpd.ugr.es\/~filolab\/wordpress\/wp-json\/wp\/v2\/users\/1"}],"replies":[{"embeddable":true,"href":"https:\/\/wpd.ugr.es\/~filolab\/wordpress\/wp-json\/wp\/v2\/comments?post=6654"}],"version-history":[{"count":2,"href":"https:\/\/wpd.ugr.es\/~filolab\/wordpress\/wp-json\/wp\/v2\/posts\/6654\/revisions"}],"predecessor-version":[{"id":6658,"href":"https:\/\/wpd.ugr.es\/~filolab\/wordpress\/wp-json\/wp\/v2\/posts\/6654\/revisions\/6658"}],"wp:featuredmedia":[{"embeddable":true,"href":"https:\/\/wpd.ugr.es\/~filolab\/wordpress\/wp-json\/wp\/v2\/media\/6655"}],"wp:attachment":[{"href":"https:\/\/wpd.ugr.es\/~filolab\/wordpress\/wp-json\/wp\/v2\/media?parent=6654"}],"wp:term":[{"taxonomy":"category","embeddable":true,"href":"https:\/\/wpd.ugr.es\/~filolab\/wordpress\/wp-json\/wp\/v2\/categories?post=6654"},{"taxonomy":"post_tag","embeddable":true,"href":"https:\/\/wpd.ugr.es\/~filolab\/wordpress\/wp-json\/wp\/v2\/tags?post=6654"}],"curies":[{"name":"wp","href":"https:\/\/api.w.org\/{rel}","templated":true}]}}