{"id":6761,"date":"2025-04-09T10:25:59","date_gmt":"2025-04-09T08:25:59","guid":{"rendered":"https:\/\/wpd.ugr.es\/~filolab\/wordpress\/?p=6761"},"modified":"2025-04-09T10:37:05","modified_gmt":"2025-04-09T08:37:05","slug":"congreso-internacional-estetica-filosofia-y-literatura-iberoamericana","status":"publish","type":"post","link":"https:\/\/wpd.ugr.es\/~filolab\/wordpress\/2025\/04\/09\/congreso-internacional-estetica-filosofia-y-literatura-iberoamericana\/","title":{"rendered":"Congreso Internacional: \u00abEst\u00e9tica, Filosof\u00eda y Literatura Iberoamericana\u00bb"},"content":{"rendered":"<p>Entre los d\u00edas 28 y 30 de abril de 2025 se celebra en la Facultad de Filosof\u00eda y Letras de la Universidad de Granada el Congreso Internacional de Est\u00e9tica, Filosof\u00eda y Literatura Iberoamericana, organizado por Ana Gallego Cui\u00f1as, Jos\u00e9 Antonio P\u00e9rez Tapias, <a href=\"https:\/\/wpd.ugr.es\/~filolab\/wordpress\/quienes-somos-nueva\/investigadores-en-formacion\/pelayo-guijarro-galindo\/\"><span style=\"color: #3f96ac;\">Pelayo Guijarro Galindo<\/span><\/a> (miembro de FiloLab) y Jos\u00e9 S\u00e1nchez Benavente, al amparo del <span style=\"color: #3f96ac;\"><a style=\"color: #3f96ac;\" href=\"https:\/\/cemed.ugr.es\/\">Centro Mediterr\u00e1neo<\/a><\/span> y la Unidad de Excelencia UGR <a href=\"https:\/\/iberlab.ugr.es\/\"><span style=\"color: #3f96ac;\">IberLab<\/span><\/a>.<\/p>\n<p>Este congreso tiene como objetivo principal generar un espacio de encuentro y di\u00e1logo interdisciplinar entre reconocidos especialistas de diferentes \u00e1mbitos de las Ciencias Humanas y Sociales Latinoamericanas.<\/p>\n<p>Los Estudios Iberoamericanos y Transatl\u00e1nticos es una disciplina de reciente creaci\u00f3n que busca abordar desde una perspectiva hol\u00edstica las complejas relaciones que caracterizan al espacio com\u00fan Iberoamericano. Su origen se encuentra relacionado con la necesidad de producir y\/o revalorizar saberes situados que buscan responder a los retos actuales atendiendo a las necesidades concretas de los contextos locales de aplicaci\u00f3n. Por tanto, uno de sus objetivos del congreso pasa por analizar los procesos transculturalivos que atraviesan a las actuales sociedades globalizadas, produci\u00e9ndose unas tensiones entre las identidades locales y las din\u00e1micas globales.<\/p>\n<p>Para ello nos proponemos aportar un mapa conceptual que de muestra de las principales producciones conceptuales desarrolladas desde Latinoamericana: teolog\u00eda de la liberaci\u00f3n, discursos de la hibridaci\u00f3n, filosof\u00eda intercultural, pensamiento decolonial, etc. Con el prop\u00f3sito de analizar diferentes estrategias de construcci\u00f3n y visibilizaci\u00f3n de nuevas im\u00e1genes y narrativas de sujetos hist\u00f3ricamente subalternizados: Culturas populares, poblaciones rurales, comunidades ind\u00edgenas, etc., que han tenido lugar durante este primer cuarto del siglo XXI.<\/p>\n<p>El congreso se encuentra financiado por las Ayudas de investigaci\u00f3n predoctorales de la Fundaci\u00f3n Sabadell, el Programa de Organizaci\u00f3n de Congresos de Car\u00e1cter Cient\u00edfico-T\u00e9cnico y el Programa de Proyectos de Investigaci\u00f3n precompetitivos para J\u00f3venes Investigadores; ambos del Plan Propio de Investigaci\u00f3n de la Universidad de Granada.<\/p>\n\n\n<figure class=\"wp-block-image size-large\"><img loading=\"lazy\" width=\"724\" height=\"1024\" src=\"http:\/\/wpd.ugr.es\/~filolab\/wordpress\/wp-content\/uploads\/2025\/04\/25GR36-Filosofia-CARTEL_V_300-724x1024.jpg\" alt=\"\" class=\"wp-image-6762\" srcset=\"https:\/\/wpd.ugr.es\/~filolab\/wordpress\/wp-content\/uploads\/2025\/04\/25GR36-Filosofia-CARTEL_V_300-724x1024.jpg 724w, https:\/\/wpd.ugr.es\/~filolab\/wordpress\/wp-content\/uploads\/2025\/04\/25GR36-Filosofia-CARTEL_V_300-212x300.jpg 212w, https:\/\/wpd.ugr.es\/~filolab\/wordpress\/wp-content\/uploads\/2025\/04\/25GR36-Filosofia-CARTEL_V_300-768x1086.jpg 768w, https:\/\/wpd.ugr.es\/~filolab\/wordpress\/wp-content\/uploads\/2025\/04\/25GR36-Filosofia-CARTEL_V_300-1086x1536.jpg 1086w, https:\/\/wpd.ugr.es\/~filolab\/wordpress\/wp-content\/uploads\/2025\/04\/25GR36-Filosofia-CARTEL_V_300-1448x2048.jpg 1448w, https:\/\/wpd.ugr.es\/~filolab\/wordpress\/wp-content\/uploads\/2025\/04\/25GR36-Filosofia-CARTEL_V_300-scaled.jpg 1811w\" sizes=\"(max-width: 724px) 100vw, 724px\" \/><\/figure>\n<!-- AddThis Advanced Settings generic via filter on the_content --><!-- AddThis Share Buttons generic via filter on the_content -->","protected":false},"excerpt":{"rendered":"<p>Entre los d\u00edas 28 y 30 de abril de 2025 se celebra en la Facultad de Filosof\u00eda y Letras de la Universidad de Granada el Congreso Internacional de Est\u00e9tica, Filosof\u00eda y Literatura Iberoamericana, organizado por Ana Gallego Cui\u00f1as, Jos\u00e9 Antonio P\u00e9rez Tapias, Pelayo Guijarro Galindo (miembro de FiloLab) y Jos\u00e9 S\u00e1nchez Benavente, al amparo del [&hellip;]<!-- AddThis Advanced Settings generic via filter on get_the_excerpt --><!-- AddThis Share Buttons generic via filter on get_the_excerpt --><\/p>\n","protected":false},"author":1,"featured_media":6762,"comment_status":"open","ping_status":"open","sticky":false,"template":"","format":"standard","meta":[],"categories":[1239,3392,141,16,2218,149],"tags":[3796,667,3794,3798],"_links":{"self":[{"href":"https:\/\/wpd.ugr.es\/~filolab\/wordpress\/wp-json\/wp\/v2\/posts\/6761"}],"collection":[{"href":"https:\/\/wpd.ugr.es\/~filolab\/wordpress\/wp-json\/wp\/v2\/posts"}],"about":[{"href":"https:\/\/wpd.ugr.es\/~filolab\/wordpress\/wp-json\/wp\/v2\/types\/post"}],"author":[{"embeddable":true,"href":"https:\/\/wpd.ugr.es\/~filolab\/wordpress\/wp-json\/wp\/v2\/users\/1"}],"replies":[{"embeddable":true,"href":"https:\/\/wpd.ugr.es\/~filolab\/wordpress\/wp-json\/wp\/v2\/comments?post=6761"}],"version-history":[{"count":2,"href":"https:\/\/wpd.ugr.es\/~filolab\/wordpress\/wp-json\/wp\/v2\/posts\/6761\/revisions"}],"predecessor-version":[{"id":6765,"href":"https:\/\/wpd.ugr.es\/~filolab\/wordpress\/wp-json\/wp\/v2\/posts\/6761\/revisions\/6765"}],"wp:featuredmedia":[{"embeddable":true,"href":"https:\/\/wpd.ugr.es\/~filolab\/wordpress\/wp-json\/wp\/v2\/media\/6762"}],"wp:attachment":[{"href":"https:\/\/wpd.ugr.es\/~filolab\/wordpress\/wp-json\/wp\/v2\/media?parent=6761"}],"wp:term":[{"taxonomy":"category","embeddable":true,"href":"https:\/\/wpd.ugr.es\/~filolab\/wordpress\/wp-json\/wp\/v2\/categories?post=6761"},{"taxonomy":"post_tag","embeddable":true,"href":"https:\/\/wpd.ugr.es\/~filolab\/wordpress\/wp-json\/wp\/v2\/tags?post=6761"}],"curies":[{"name":"wp","href":"https:\/\/api.w.org\/{rel}","templated":true}]}}