{"id":6889,"date":"2025-05-13T13:00:45","date_gmt":"2025-05-13T11:00:45","guid":{"rendered":"https:\/\/wpd.ugr.es\/~filolab\/wordpress\/?p=6889"},"modified":"2025-05-13T13:11:51","modified_gmt":"2025-05-13T11:11:51","slug":"vii-congreso-internacional-de-enfermeria-y-ciencias-de-la-salud-sobre-investigacion-y-docencia-en-salud-2025-cie2025","status":"publish","type":"post","link":"https:\/\/wpd.ugr.es\/~filolab\/wordpress\/2025\/05\/13\/vii-congreso-internacional-de-enfermeria-y-ciencias-de-la-salud-sobre-investigacion-y-docencia-en-salud-2025-cie2025\/","title":{"rendered":"VII Congreso Internacional de Enfermer\u00eda y Ciencias de la Salud sobre Investigaci\u00f3n y Docencia en Salud 2025 &#8211; CIE2025"},"content":{"rendered":"<p><span style=\"color: #3f96ac;\"><a style=\"color: #3f96ac;\" href=\"https:\/\/wpd.ugr.es\/~filolab\/wordpress\/quienes-somos-nueva\/investigadores-garantes\/david-rodriguez-arias\/\">David Rodr\u00edguez-Arias<\/a><\/span>, IP de <span style=\"color: #3f96ac;\"><a style=\"color: #3f96ac;\" href=\"https:\/\/www.inedyto.com\/\">INEDyTO<\/a> <\/span>y subdirector de FiloLab, participa en el CIE 2025 que tendr\u00e1 lugar los d\u00edas 13-15 de mayo en en la Facultad de Ciencias de la Salud de Ceuta, adscrita a la Universidad de Granada. Su ponencia, \u00abQu\u00e9 es la bio\u00e9tica y por qu\u00e9 es importante la formaci\u00f3n en \u00e9tica cl\u00ednica\u00bb formar\u00e1 parte de la Mesa Redonda: <em>Comit\u00e9s \u00c9ticos para la investigaci\u00f3n<\/em>, que abrir\u00e1 la tercera jornada del Congreso.<\/p>\n<p>El CIE est\u00e1 dirigido a profesionales, investigadores, docentes y estudiantes del \u00e1mbito de la enfermer\u00eda y Ciencias de la Salud interesados en investigaci\u00f3n en salud, enfermer\u00eda, bio\u00e9tica, innovaci\u00f3n, emprendimiento, salidas profesionales y cuestiones actuales como la violencia de g\u00e9nero en el \u00e1mbito sanitario. Pod\u00e9is acceder a la web del Congreso y al programa completo a trav\u00e9s de <a href=\"_wp_link_placeholder\" data-wplink-edit=\"true\"><span style=\"color: #3f96ac;\">este enlace<\/span><\/a>.<\/p>\n<p>Tambi\u00e9n pod\u00e9is seguir la retransmisi\u00f3n en director a trav\u00e9s del Canal de Youtube \u00ab<span style=\"color: #3f96ac;\"><a style=\"color: #3f96ac;\" href=\"https:\/\/www.youtube.com\/@congresoCIE2025\">Congreso CIE 2025<\/a><\/span>\u00ab.<\/p>\n\n\n<figure class=\"wp-block-image size-full\"><img loading=\"lazy\" width=\"610\" height=\"715\" src=\"http:\/\/wpd.ugr.es\/~filolab\/wordpress\/wp-content\/uploads\/2025\/05\/VII-Congreso-Enfermeria-Ceuta.png\" alt=\"\" class=\"wp-image-6890\" srcset=\"https:\/\/wpd.ugr.es\/~filolab\/wordpress\/wp-content\/uploads\/2025\/05\/VII-Congreso-Enfermeria-Ceuta.png 610w, https:\/\/wpd.ugr.es\/~filolab\/wordpress\/wp-content\/uploads\/2025\/05\/VII-Congreso-Enfermeria-Ceuta-256x300.png 256w\" sizes=\"(max-width: 610px) 100vw, 610px\" \/><\/figure>\n<!-- AddThis Advanced Settings generic via filter on the_content --><!-- AddThis Share Buttons generic via filter on the_content -->","protected":false},"excerpt":{"rendered":"<p>David Rodr\u00edguez-Arias, IP de INEDyTO y subdirector de FiloLab, participa en el CIE 2025 que tendr\u00e1 lugar los d\u00edas 13-15 de mayo en en la Facultad de Ciencias de la Salud de Ceuta, adscrita a la Universidad de Granada. Su ponencia, \u00abQu\u00e9 es la bio\u00e9tica y por qu\u00e9 es importante la formaci\u00f3n en \u00e9tica cl\u00ednica\u00bb [&hellip;]<!-- AddThis Advanced Settings generic via filter on get_the_excerpt --><!-- AddThis Share Buttons generic via filter on get_the_excerpt --><\/p>\n","protected":false},"author":1,"featured_media":6890,"comment_status":"open","ping_status":"open","sticky":false,"template":"","format":"standard","meta":[],"categories":[1239,3392,141,1162],"tags":[437,2514,941,1524,3872,3874,3870],"_links":{"self":[{"href":"https:\/\/wpd.ugr.es\/~filolab\/wordpress\/wp-json\/wp\/v2\/posts\/6889"}],"collection":[{"href":"https:\/\/wpd.ugr.es\/~filolab\/wordpress\/wp-json\/wp\/v2\/posts"}],"about":[{"href":"https:\/\/wpd.ugr.es\/~filolab\/wordpress\/wp-json\/wp\/v2\/types\/post"}],"author":[{"embeddable":true,"href":"https:\/\/wpd.ugr.es\/~filolab\/wordpress\/wp-json\/wp\/v2\/users\/1"}],"replies":[{"embeddable":true,"href":"https:\/\/wpd.ugr.es\/~filolab\/wordpress\/wp-json\/wp\/v2\/comments?post=6889"}],"version-history":[{"count":3,"href":"https:\/\/wpd.ugr.es\/~filolab\/wordpress\/wp-json\/wp\/v2\/posts\/6889\/revisions"}],"predecessor-version":[{"id":6895,"href":"https:\/\/wpd.ugr.es\/~filolab\/wordpress\/wp-json\/wp\/v2\/posts\/6889\/revisions\/6895"}],"wp:featuredmedia":[{"embeddable":true,"href":"https:\/\/wpd.ugr.es\/~filolab\/wordpress\/wp-json\/wp\/v2\/media\/6890"}],"wp:attachment":[{"href":"https:\/\/wpd.ugr.es\/~filolab\/wordpress\/wp-json\/wp\/v2\/media?parent=6889"}],"wp:term":[{"taxonomy":"category","embeddable":true,"href":"https:\/\/wpd.ugr.es\/~filolab\/wordpress\/wp-json\/wp\/v2\/categories?post=6889"},{"taxonomy":"post_tag","embeddable":true,"href":"https:\/\/wpd.ugr.es\/~filolab\/wordpress\/wp-json\/wp\/v2\/tags?post=6889"}],"curies":[{"name":"wp","href":"https:\/\/api.w.org\/{rel}","templated":true}]}}