{"id":6929,"date":"2025-05-21T10:33:51","date_gmt":"2025-05-21T08:33:51","guid":{"rendered":"https:\/\/wpd.ugr.es\/~filolab\/wordpress\/?p=6929"},"modified":"2025-05-21T10:41:01","modified_gmt":"2025-05-21T08:41:01","slug":"ponencia-violencia-obstetrica-un-concepto-denso-necesario-y-en-disputa","status":"publish","type":"post","link":"https:\/\/wpd.ugr.es\/~filolab\/wordpress\/2025\/05\/21\/ponencia-violencia-obstetrica-un-concepto-denso-necesario-y-en-disputa\/","title":{"rendered":"Ponencia: \u00abViolencia obst\u00e9trica: un concepto denso, necesario y en disputa\u00bb"},"content":{"rendered":"<p>Nuestra compa\u00f1era<span style=\"color: #3f96ac;\"> <a style=\"color: #3f96ac;\" href=\"https:\/\/wpd.ugr.es\/~filolab\/wordpress\/quienes-somos-nueva\/investigadores-garantes\/ester-masso-guijarro\/\">Ester Mass\u00f3 Guijarro<\/a><\/span>, investigadora FiloLab, ha participado como profesora en el Diploma de Especializaci\u00f3n en G\u00e9nero y Salud de la Escuela Andaluza de Salud P\u00fablica (EASP).<\/p>\n<p>En particular, el d\u00eda 20 de mayo, Ester imparti\u00f3, dentro del m\u00f3dulo \u00abSalud sexual y reproductiva\u00bb, la ponencia \u00ab<em>Violencia obst\u00e9trica<\/em>: un concepto denso, necesario y en disputa\u00bb, donde se aproxima a las diversas formulaciones teor\u00e9ticas del concepto, a su dimensi\u00f3n vinculada con el activismo social materno-feminista y a su an\u00e1lisis como ejemplo paradigm\u00e1tico de injusticia epist\u00e9mica (tanto hermen\u00e9utica como testimonial).<\/p>\n\n\n<figure class=\"wp-block-image size-full\"><img loading=\"lazy\" width=\"532\" height=\"352\" src=\"http:\/\/wpd.ugr.es\/~filolab\/wordpress\/wp-content\/uploads\/2025\/05\/SaludSexualReproductiva.png\" alt=\"\" class=\"wp-image-6930\" srcset=\"https:\/\/wpd.ugr.es\/~filolab\/wordpress\/wp-content\/uploads\/2025\/05\/SaludSexualReproductiva.png 532w, https:\/\/wpd.ugr.es\/~filolab\/wordpress\/wp-content\/uploads\/2025\/05\/SaludSexualReproductiva-300x198.png 300w\" sizes=\"(max-width: 532px) 100vw, 532px\" \/><\/figure>\n<!-- AddThis Advanced Settings generic via filter on the_content --><!-- AddThis Share Buttons generic via filter on the_content -->","protected":false},"excerpt":{"rendered":"<p>Nuestra compa\u00f1era Ester Mass\u00f3 Guijarro, investigadora FiloLab, ha participado como profesora en el Diploma de Especializaci\u00f3n en G\u00e9nero y Salud de la Escuela Andaluza de Salud P\u00fablica (EASP). En particular, el d\u00eda 20 de mayo, Ester imparti\u00f3, dentro del m\u00f3dulo \u00abSalud sexual y reproductiva\u00bb, la ponencia \u00abViolencia obst\u00e9trica: un concepto denso, necesario y en disputa\u00bb, [&hellip;]<!-- AddThis Advanced Settings generic via filter on get_the_excerpt --><!-- AddThis Share Buttons generic via filter on get_the_excerpt --><\/p>\n","protected":false},"author":1,"featured_media":6930,"comment_status":"open","ping_status":"open","sticky":false,"template":"","format":"standard","meta":[],"categories":[1239,3392,3340],"tags":[79,2560,1150],"_links":{"self":[{"href":"https:\/\/wpd.ugr.es\/~filolab\/wordpress\/wp-json\/wp\/v2\/posts\/6929"}],"collection":[{"href":"https:\/\/wpd.ugr.es\/~filolab\/wordpress\/wp-json\/wp\/v2\/posts"}],"about":[{"href":"https:\/\/wpd.ugr.es\/~filolab\/wordpress\/wp-json\/wp\/v2\/types\/post"}],"author":[{"embeddable":true,"href":"https:\/\/wpd.ugr.es\/~filolab\/wordpress\/wp-json\/wp\/v2\/users\/1"}],"replies":[{"embeddable":true,"href":"https:\/\/wpd.ugr.es\/~filolab\/wordpress\/wp-json\/wp\/v2\/comments?post=6929"}],"version-history":[{"count":2,"href":"https:\/\/wpd.ugr.es\/~filolab\/wordpress\/wp-json\/wp\/v2\/posts\/6929\/revisions"}],"predecessor-version":[{"id":6932,"href":"https:\/\/wpd.ugr.es\/~filolab\/wordpress\/wp-json\/wp\/v2\/posts\/6929\/revisions\/6932"}],"wp:featuredmedia":[{"embeddable":true,"href":"https:\/\/wpd.ugr.es\/~filolab\/wordpress\/wp-json\/wp\/v2\/media\/6930"}],"wp:attachment":[{"href":"https:\/\/wpd.ugr.es\/~filolab\/wordpress\/wp-json\/wp\/v2\/media?parent=6929"}],"wp:term":[{"taxonomy":"category","embeddable":true,"href":"https:\/\/wpd.ugr.es\/~filolab\/wordpress\/wp-json\/wp\/v2\/categories?post=6929"},{"taxonomy":"post_tag","embeddable":true,"href":"https:\/\/wpd.ugr.es\/~filolab\/wordpress\/wp-json\/wp\/v2\/tags?post=6929"}],"curies":[{"name":"wp","href":"https:\/\/api.w.org\/{rel}","templated":true}]}}