{"id":6948,"date":"2025-05-30T18:17:01","date_gmt":"2025-05-30T16:17:01","guid":{"rendered":"https:\/\/wpd.ugr.es\/~filolab\/wordpress\/?p=6948"},"modified":"2025-05-30T18:32:41","modified_gmt":"2025-05-30T16:32:41","slug":"workshop-functions-and-functional-roles-of-words-concepts","status":"publish","type":"post","link":"https:\/\/wpd.ugr.es\/~filolab\/wordpress\/2025\/05\/30\/workshop-functions-and-functional-roles-of-words-concepts\/","title":{"rendered":"Workshop: \u00abFunctions and functional roles of concepts\u00bb"},"content":{"rendered":"<p>Nuestras compa\u00f1eras Ana Rosa L\u00f3pez Rodr\u00edguez y Andrea Rodr\u00edguez G\u00f3mez, investigadoras en formaci\u00f3n de FiloLab, han participado en el workshop internacional <em>Functions and Functional Roles of Concepts<\/em>, celebrado en la Universidade de Lisboa del 28 al 30 de mayo de 2025.<\/p>\n<p>Organizado por el grupo LanCog en el Centre of Philosophy of the University of Lisbon (CFUL), este workshop reuni\u00f3 a fil\u00f3sofas y fil\u00f3sofos interesados en teor\u00edas sem\u00e1nticas no representacionalistas (como el inferencialismo) y en las funciones no representacionales de los conceptos. Estas aproximaciones, defendidas en distintos momentos por figuras como Ramsey, Sellars, Hare, Quine o, m\u00e1s recientemente, Amie Thomasson, buscan explorar c\u00f3mo los conceptos operan m\u00e1s all\u00e1 de la representaci\u00f3n, actuando como herramientas inferenciales, normativas o pragm\u00e1ticas en diversos contextos.<\/p>\n<p>Ana Rosa y Andrea presentaron, junto con Carmela Vieites Figueiras, de la Universitat de Val\u00e8ncia, una ponencia titulada: \u201cThe Swiss Knife: Can Global Expressivism distinguish between descriptive and evaluative uses of language?\u201d.<\/p>\n<p>En <span style=\"color: #3f96ac;\"><a style=\"color: #3f96ac;\" href=\"https:\/\/cful.letras.ulisboa.pt\/lancog\/events\/functions-and-functional-roles-of-words-concepts\/\">este enlace<\/a><\/span> se puede encontrar el programa del workshop, as\u00ed como un listado de los res\u00famenes de las contribuciones, incluida la de nuestras compa\u00f1eras.<\/p>\n\n\n<figure class=\"wp-block-image size-large\"><img loading=\"lazy\" width=\"1024\" height=\"768\" src=\"http:\/\/wpd.ugr.es\/~filolab\/wordpress\/wp-content\/uploads\/2025\/05\/Andrea_Ana_Lisboa-30May2025-1024x768.jpg\" alt=\"\" class=\"wp-image-6949\" srcset=\"https:\/\/wpd.ugr.es\/~filolab\/wordpress\/wp-content\/uploads\/2025\/05\/Andrea_Ana_Lisboa-30May2025-1024x768.jpg 1024w, https:\/\/wpd.ugr.es\/~filolab\/wordpress\/wp-content\/uploads\/2025\/05\/Andrea_Ana_Lisboa-30May2025-300x225.jpg 300w, https:\/\/wpd.ugr.es\/~filolab\/wordpress\/wp-content\/uploads\/2025\/05\/Andrea_Ana_Lisboa-30May2025-768x576.jpg 768w, https:\/\/wpd.ugr.es\/~filolab\/wordpress\/wp-content\/uploads\/2025\/05\/Andrea_Ana_Lisboa-30May2025-1536x1152.jpg 1536w, https:\/\/wpd.ugr.es\/~filolab\/wordpress\/wp-content\/uploads\/2025\/05\/Andrea_Ana_Lisboa-30May2025.jpg 1600w\" sizes=\"(max-width: 1024px) 100vw, 1024px\" \/><\/figure>\n<!-- AddThis Advanced Settings generic via filter on the_content --><!-- AddThis Share Buttons generic via filter on the_content -->","protected":false},"excerpt":{"rendered":"<p>Nuestras compa\u00f1eras Ana Rosa L\u00f3pez Rodr\u00edguez y Andrea Rodr\u00edguez G\u00f3mez, investigadoras en formaci\u00f3n de FiloLab, han participado en el workshop internacional Functions and Functional Roles of Concepts, celebrado en la Universidade de Lisboa del 28 al 30 de mayo de 2025. Organizado por el grupo LanCog en el Centre of Philosophy of the University of [&hellip;]<!-- AddThis Advanced Settings generic via filter on get_the_excerpt --><!-- AddThis Share Buttons generic via filter on get_the_excerpt --><\/p>\n","protected":false},"author":1,"featured_media":6949,"comment_status":"open","ping_status":"open","sticky":false,"template":"","format":"standard","meta":[],"categories":[1239,1162,3340],"tags":[523,228,3716,3900,3902,3554],"_links":{"self":[{"href":"https:\/\/wpd.ugr.es\/~filolab\/wordpress\/wp-json\/wp\/v2\/posts\/6948"}],"collection":[{"href":"https:\/\/wpd.ugr.es\/~filolab\/wordpress\/wp-json\/wp\/v2\/posts"}],"about":[{"href":"https:\/\/wpd.ugr.es\/~filolab\/wordpress\/wp-json\/wp\/v2\/types\/post"}],"author":[{"embeddable":true,"href":"https:\/\/wpd.ugr.es\/~filolab\/wordpress\/wp-json\/wp\/v2\/users\/1"}],"replies":[{"embeddable":true,"href":"https:\/\/wpd.ugr.es\/~filolab\/wordpress\/wp-json\/wp\/v2\/comments?post=6948"}],"version-history":[{"count":3,"href":"https:\/\/wpd.ugr.es\/~filolab\/wordpress\/wp-json\/wp\/v2\/posts\/6948\/revisions"}],"predecessor-version":[{"id":6953,"href":"https:\/\/wpd.ugr.es\/~filolab\/wordpress\/wp-json\/wp\/v2\/posts\/6948\/revisions\/6953"}],"wp:featuredmedia":[{"embeddable":true,"href":"https:\/\/wpd.ugr.es\/~filolab\/wordpress\/wp-json\/wp\/v2\/media\/6949"}],"wp:attachment":[{"href":"https:\/\/wpd.ugr.es\/~filolab\/wordpress\/wp-json\/wp\/v2\/media?parent=6948"}],"wp:term":[{"taxonomy":"category","embeddable":true,"href":"https:\/\/wpd.ugr.es\/~filolab\/wordpress\/wp-json\/wp\/v2\/categories?post=6948"},{"taxonomy":"post_tag","embeddable":true,"href":"https:\/\/wpd.ugr.es\/~filolab\/wordpress\/wp-json\/wp\/v2\/tags?post=6948"}],"curies":[{"name":"wp","href":"https:\/\/api.w.org\/{rel}","templated":true}]}}