{"id":7071,"date":"2025-07-09T16:43:06","date_gmt":"2025-07-09T14:43:06","guid":{"rendered":"https:\/\/wpd.ugr.es\/~filolab\/wordpress\/?p=7071"},"modified":"2025-07-09T16:46:22","modified_gmt":"2025-07-09T14:46:22","slug":"publicacion-quien-se-ha-llevado-mi-placenta-narraciones-placentarias-episteme-y-politica-desde-una-bioetica-feminista-y-decolonial","status":"publish","type":"post","link":"https:\/\/wpd.ugr.es\/~filolab\/wordpress\/2025\/07\/09\/publicacion-quien-se-ha-llevado-mi-placenta-narraciones-placentarias-episteme-y-politica-desde-una-bioetica-feminista-y-decolonial\/","title":{"rendered":"Publicaci\u00f3n: \u00ab\u00bfQui\u00e9n se ha llevado mi placenta? Narraciones placentarias: episteme y pol\u00edtica desde una bio\u00e9tica feminista y decolonial\u00bb"},"content":{"rendered":"<p>Nuestra compa\u00f1era <span style=\"color: #3f96ac;\"><a style=\"color: #3f96ac;\" href=\"https:\/\/wpd.ugr.es\/~filolab\/wordpress\/quienes-somos-nueva\/investigadores-garantes\/ester-masso-guijarro\/\">Ester Mass\u00f3 Guijarro<\/a><\/span>, investigadora FiloLab y miembro de ESPACyOS y ATLAS, ha publicado el art\u00edculo \u201c\u00bfQui\u00e9n se ha llevado mi placenta? Narraciones placentarias: episteme y pol\u00edtica desde una bio\u00e9tica feminista y decolonial\u201d, en la revista International Medical Humanities Review.<\/p>\n<p>El art\u00edculo, accesible en <span style=\"color: #3f96ac;\"><a style=\"color: #3f96ac;\" href=\"https:\/\/edulab.es\/revMEDICA\/article\/view\/placenta-narraciones\/3697\">este enlace<\/a><\/span>, presenta un abordaje multidisciplinar sobre la placenta para entender su tratamiento en diferentes culturas y contextos hist\u00f3ricos. Se parte de la bio\u00e9tica feminista y decolonial, para realzar la importancia de las narraciones maternas como fuente de conocimiento autorizado. Como principal objetivo, se realiza una revisi\u00f3n narrativa cr\u00edtica sobre una historia etnocultural de la placenta; de ah\u00ed, se acu\u00f1an y desarrollan conceptos como narrativas\/relatos placentarios, revival placentario o agencia placentaria, para enriquecer cr\u00edticamente, en lo epist\u00e9mico y pol\u00edtico, el discurso al respecto de la placenta, recomend\u00e1ndose finalmente la regulaci\u00f3n jur\u00eddica de los derechos directos de las madres sobre sus propias placentas.<\/p>\n\n\n<figure class=\"wp-block-image size-full\"><img loading=\"lazy\" width=\"537\" height=\"734\" src=\"http:\/\/wpd.ugr.es\/~filolab\/wordpress\/wp-content\/uploads\/2025\/07\/MedicalReview_cover_issue_453_es_ES.png\" alt=\"\" class=\"wp-image-7072\" srcset=\"https:\/\/wpd.ugr.es\/~filolab\/wordpress\/wp-content\/uploads\/2025\/07\/MedicalReview_cover_issue_453_es_ES.png 537w, https:\/\/wpd.ugr.es\/~filolab\/wordpress\/wp-content\/uploads\/2025\/07\/MedicalReview_cover_issue_453_es_ES-219x300.png 219w\" sizes=\"(max-width: 537px) 100vw, 537px\" \/><\/figure>\n<!-- AddThis Advanced Settings generic via filter on the_content --><!-- AddThis Share Buttons generic via filter on the_content -->","protected":false},"excerpt":{"rendered":"<p>Nuestra compa\u00f1era Ester Mass\u00f3 Guijarro, investigadora FiloLab y miembro de ESPACyOS y ATLAS, ha publicado el art\u00edculo \u201c\u00bfQui\u00e9n se ha llevado mi placenta? Narraciones placentarias: episteme y pol\u00edtica desde una bio\u00e9tica feminista y decolonial\u201d, en la revista International Medical Humanities Review. El art\u00edculo, accesible en este enlace, presenta un abordaje multidisciplinar sobre la placenta para [&hellip;]<!-- AddThis Advanced Settings generic via filter on get_the_excerpt --><!-- AddThis Share Buttons generic via filter on get_the_excerpt --><\/p>\n","protected":false},"author":1,"featured_media":7072,"comment_status":"open","ping_status":"open","sticky":false,"template":"","format":"standard","meta":[],"categories":[21],"tags":[2020,188,437,476,3976,3974],"_links":{"self":[{"href":"https:\/\/wpd.ugr.es\/~filolab\/wordpress\/wp-json\/wp\/v2\/posts\/7071"}],"collection":[{"href":"https:\/\/wpd.ugr.es\/~filolab\/wordpress\/wp-json\/wp\/v2\/posts"}],"about":[{"href":"https:\/\/wpd.ugr.es\/~filolab\/wordpress\/wp-json\/wp\/v2\/types\/post"}],"author":[{"embeddable":true,"href":"https:\/\/wpd.ugr.es\/~filolab\/wordpress\/wp-json\/wp\/v2\/users\/1"}],"replies":[{"embeddable":true,"href":"https:\/\/wpd.ugr.es\/~filolab\/wordpress\/wp-json\/wp\/v2\/comments?post=7071"}],"version-history":[{"count":3,"href":"https:\/\/wpd.ugr.es\/~filolab\/wordpress\/wp-json\/wp\/v2\/posts\/7071\/revisions"}],"predecessor-version":[{"id":7076,"href":"https:\/\/wpd.ugr.es\/~filolab\/wordpress\/wp-json\/wp\/v2\/posts\/7071\/revisions\/7076"}],"wp:featuredmedia":[{"embeddable":true,"href":"https:\/\/wpd.ugr.es\/~filolab\/wordpress\/wp-json\/wp\/v2\/media\/7072"}],"wp:attachment":[{"href":"https:\/\/wpd.ugr.es\/~filolab\/wordpress\/wp-json\/wp\/v2\/media?parent=7071"}],"wp:term":[{"taxonomy":"category","embeddable":true,"href":"https:\/\/wpd.ugr.es\/~filolab\/wordpress\/wp-json\/wp\/v2\/categories?post=7071"},{"taxonomy":"post_tag","embeddable":true,"href":"https:\/\/wpd.ugr.es\/~filolab\/wordpress\/wp-json\/wp\/v2\/tags?post=7071"}],"curies":[{"name":"wp","href":"https:\/\/api.w.org\/{rel}","templated":true}]}}