{"id":7095,"date":"2025-07-16T19:13:25","date_gmt":"2025-07-16T17:13:25","guid":{"rendered":"https:\/\/wpd.ugr.es\/~filolab\/wordpress\/?p=7095"},"modified":"2025-07-25T11:17:20","modified_gmt":"2025-07-25T09:17:20","slug":"concluye-la-escuela-internacional-de-verano-filolab-2025-sobre-cambio-climatico-comunicacion-cientifica-y-opinion-publica","status":"publish","type":"post","link":"https:\/\/wpd.ugr.es\/~filolab\/wordpress\/2025\/07\/16\/concluye-la-escuela-internacional-de-verano-filolab-2025-sobre-cambio-climatico-comunicacion-cientifica-y-opinion-publica\/","title":{"rendered":"Concluye la Escuela Internacional de Verano FiloLab 2025 sobre cambio clim\u00e1tico, comunicaci\u00f3n cient\u00edfica y opini\u00f3n p\u00fablica"},"content":{"rendered":"<p>Entre el 30 de junio y el 3 de julio de 2025 tuvo lugar la FiloLab International Doctoral Summer School 2025, bajo el t\u00edtulo <em>Climate Change, Science Communication, and Public Opinion<\/em>. La Escuela reuni\u00f3 a m\u00e1s de veinte estudiantes de doctorado procedentes de universidades de Europa y Am\u00e9rica Latina, y cont\u00f3 con la participaci\u00f3n de profesorado invitado de primer nivel internacional, como <span style=\"color: #3f96ac;\"><a style=\"color: #3f96ac;\" href=\"https:\/\/www.opheliaderoy.info\/\">Ophelia Deroy<\/a><\/span> (LMU M\u00fanich), <a href=\"https:\/\/www.uvic.ca\/research\/centres\/globalstudies\/people\/associate-fellows\/heydthomas.php\"><span style=\"color: #3f96ac;\">Thomas Heyd <\/span><\/a>(University of Victoria), <a href=\"https:\/\/alexmadva.com\/\"><span style=\"color: #3f96ac;\">Alex Madva<\/span><\/a> (Cal Poly Pomona), <span style=\"color: #3f96ac;\"><a style=\"color: #3f96ac;\" href=\"https:\/\/www.utdt.edu\/ver_contenido.php?id_contenido=14891&amp;id_item_menu=25599\">Joaqu\u00edn Navajas<\/a><\/span> (Universidad Torcuato Di Tella) y <span style=\"color: #3f96ac;\"><a style=\"color: #3f96ac;\" href=\"https:\/\/www4.uib.no\/en\/find-employees\/Claudiu.Eduard.Nedelciu\">Claudiu Eduard Nedelciu<\/a><\/span> (University of Bergen).<\/p>\n<p>Durante cuatro d\u00edas de trabajo intensivo en el Carmen de la Victoria, los participantes pudieron asistir a conferencias, presentar sus investigaciones, participar en talleres colaborativos y recibir retroalimentaci\u00f3n personalizada por parte del profesorado invitado y del equipo FiloLab. Adem\u00e1s de los seminarios, el programa incluy\u00f3 una visita de campo orientada a explorar la aplicaci\u00f3n pr\u00e1ctica de enfoques te\u00f3ricos sobre sostenibilidad, comunicaci\u00f3n cient\u00edfica y cooperaci\u00f3n entre ciencia, ciudadan\u00eda y pol\u00edtica.<\/p>\n<p>El mi\u00e9rcoles 2 de julio, los asistentes visitaron el <span style=\"color: #3f96ac;\"><a style=\"color: #3f96ac;\" href=\"https:\/\/www.juntadeandalucia.es\/agriculturaypesca\/ifapa\/web\/personas-estructuras-y-servicios\/centros-ifapa\/centro-ifapa-camino-de-purchil\">Centro IFAPA Camino de Purchil<\/a><\/span>, instituto de investigaci\u00f3n agr\u00edcola en el Camino de Purchil vinculado a la Universidad de Granada, donde pudieron recorrer un campo experimental de cultivo de chopos (Populus), conocer sus beneficios ambientales (captura de carbono, mejora del suelo, reducci\u00f3n de la contaminaci\u00f3n) y descubrir los programas de colaboraci\u00f3n con agricultores locales. Tambi\u00e9n se les mostr\u00f3 investigaci\u00f3n aplicada sobre gesti\u00f3n del suelo y adaptaci\u00f3n clim\u00e1tica, incluyendo experimentos a medio y largo plazo sobre escenarios de cambio clim\u00e1tico del IPCC y procesos de implementaci\u00f3n y di\u00e1logo con comunidades rurales e instituciones europeas.<\/p>\n<p>La segunda parte de la ma\u00f1ana transcurri\u00f3 en la <span style=\"color: #3f96ac;\"><a style=\"color: #3f96ac;\" href=\"https:\/\/www.loxa.es\/\">Cooperativa Agr\u00edcola San Isidro de Loja<\/a><\/span>, especializada en producci\u00f3n de aceite de oliva, donde se present\u00f3 un innovador proyecto desarrollado en colaboraci\u00f3n con la UGR y otras entidades p\u00fablicas para revalorizar los residuos de producci\u00f3n del aceite (hojas, fango, subproductos) mediante una m\u00e1quina que permite su uso como compost. Esta experiencia puso de relieve la necesidad de una comunicaci\u00f3n eficaz entre ciencia, ciudadan\u00eda y administraci\u00f3n para afrontar los retos medioambientales contempor\u00e1neos.<\/p>\n<p>La Escuela ha sido organizada por la Unidad Cient\u00edfica de Excelencia FiloLab-UGR, con el apoyo de la Escuela Internacional de Posgrado, el Departamento de Filosof\u00eda I, el Ministerio de Ciencia, Innovaci\u00f3n y Universidades y diversos proyectos de investigaci\u00f3n financiados con fondos nacionales y europeos (NextGenerationEU\/PRTR).<\/p>\n<p>En <span style=\"color: #3f96ac;\"><a style=\"color: #3f96ac;\" href=\"http:\/\/sl.ugr.es\/FiloLab_2025\">este enlace<\/a><\/span> pod\u00e9is encontrar m\u00e1s informaci\u00f3n y el programa completo de la Escuela.<\/p>\n<p>Desde FiloLab-UGR, queremos agradecer sinceramente la participaci\u00f3n entusiasta de todos los asistentes, as\u00ed como la generosidad del profesorado invitado, las entidades colaboradoras y los proyectos que han apoyado esta iniciativa. La Escuela ha sido una oportunidad excepcional para aprender, debatir y construir redes en torno a algunos de los grandes retos contempor\u00e1neos.\u00a0Esperamos poder repetir la experiencia en futuras ediciones, abordando nuevas tem\u00e1ticas que sigan mostrando el potencial de la filosof\u00eda aplicada al an\u00e1lisis de controversias p\u00fablicas y su papel en la promoci\u00f3n de una deliberaci\u00f3n cr\u00edtica e inclusiva ante los desaf\u00edos sociales, cient\u00edficos y pol\u00edticos del presente.<\/p>\n<p><span style=\"color: #3f96ac;\"><a style=\"color: #3f96ac;\" href=\"https:\/\/canal.ugr.es\/noticia\/concluye-la-escuela-internacional-de-verano-filolab-2025-sobre-cambio-climatico-comunicacion-cientifica-y-opinion-publica-en-la-ugr\/\">Aqu\u00ed<\/a> <\/span>se puede consultar la nota de prensa sobre el evento publicada por la UGR.<\/p>\n\n\n<figure class=\"wp-block-image size-large\"><img loading=\"lazy\" width=\"1024\" height=\"753\" src=\"http:\/\/wpd.ugr.es\/~filolab\/wordpress\/wp-content\/uploads\/2025\/07\/IMG_8438-1-1024x753.jpeg\" alt=\"\" class=\"wp-image-7096\" srcset=\"https:\/\/wpd.ugr.es\/~filolab\/wordpress\/wp-content\/uploads\/2025\/07\/IMG_8438-1-1024x753.jpeg 1024w, https:\/\/wpd.ugr.es\/~filolab\/wordpress\/wp-content\/uploads\/2025\/07\/IMG_8438-1-300x221.jpeg 300w, https:\/\/wpd.ugr.es\/~filolab\/wordpress\/wp-content\/uploads\/2025\/07\/IMG_8438-1-768x565.jpeg 768w, https:\/\/wpd.ugr.es\/~filolab\/wordpress\/wp-content\/uploads\/2025\/07\/IMG_8438-1-1536x1129.jpeg 1536w, https:\/\/wpd.ugr.es\/~filolab\/wordpress\/wp-content\/uploads\/2025\/07\/IMG_8438-1-2048x1506.jpeg 2048w\" sizes=\"(max-width: 1024px) 100vw, 1024px\" \/><figcaption>Foto de familia de la FiloLab Summer School 2025<\/figcaption><\/figure>\n\n\n\n<figure class=\"wp-block-image size-large\"><img loading=\"lazy\" width=\"1024\" height=\"768\" src=\"http:\/\/wpd.ugr.es\/~filolab\/wordpress\/wp-content\/uploads\/2025\/07\/IFAPA-explicacion-con-chopos-al-fondo-1024x768.jpeg\" alt=\"\" class=\"wp-image-7101\" srcset=\"https:\/\/wpd.ugr.es\/~filolab\/wordpress\/wp-content\/uploads\/2025\/07\/IFAPA-explicacion-con-chopos-al-fondo-1024x768.jpeg 1024w, https:\/\/wpd.ugr.es\/~filolab\/wordpress\/wp-content\/uploads\/2025\/07\/IFAPA-explicacion-con-chopos-al-fondo-300x225.jpeg 300w, https:\/\/wpd.ugr.es\/~filolab\/wordpress\/wp-content\/uploads\/2025\/07\/IFAPA-explicacion-con-chopos-al-fondo-768x576.jpeg 768w, https:\/\/wpd.ugr.es\/~filolab\/wordpress\/wp-content\/uploads\/2025\/07\/IFAPA-explicacion-con-chopos-al-fondo-1536x1152.jpeg 1536w, https:\/\/wpd.ugr.es\/~filolab\/wordpress\/wp-content\/uploads\/2025\/07\/IFAPA-explicacion-con-chopos-al-fondo.jpeg 2048w\" sizes=\"(max-width: 1024px) 100vw, 1024px\" \/><figcaption>Visita a IFAPA en Camino de Purchil, con chopera experimental al fondo<\/figcaption><\/figure>\n\n\n\n<figure class=\"wp-block-image size-large\"><img loading=\"lazy\" width=\"1024\" height=\"768\" src=\"http:\/\/wpd.ugr.es\/~filolab\/wordpress\/wp-content\/uploads\/2025\/07\/Maquina-de-reciclaje-de-residuos-1024x768.jpeg\" alt=\"\" class=\"wp-image-7103\" srcset=\"https:\/\/wpd.ugr.es\/~filolab\/wordpress\/wp-content\/uploads\/2025\/07\/Maquina-de-reciclaje-de-residuos-1024x768.jpeg 1024w, https:\/\/wpd.ugr.es\/~filolab\/wordpress\/wp-content\/uploads\/2025\/07\/Maquina-de-reciclaje-de-residuos-300x225.jpeg 300w, https:\/\/wpd.ugr.es\/~filolab\/wordpress\/wp-content\/uploads\/2025\/07\/Maquina-de-reciclaje-de-residuos-768x576.jpeg 768w, https:\/\/wpd.ugr.es\/~filolab\/wordpress\/wp-content\/uploads\/2025\/07\/Maquina-de-reciclaje-de-residuos-1536x1152.jpeg 1536w, https:\/\/wpd.ugr.es\/~filolab\/wordpress\/wp-content\/uploads\/2025\/07\/Maquina-de-reciclaje-de-residuos.jpeg 2048w\" sizes=\"(max-width: 1024px) 100vw, 1024px\" \/><figcaption>M\u00e1quina de reelaboraci\u00f3n de residuos, Cooperativa Agr\u00edcola San Isidro de Loja<\/figcaption><\/figure>\n<!-- AddThis Advanced Settings generic via filter on the_content --><!-- AddThis Share Buttons generic via filter on the_content -->","protected":false},"excerpt":{"rendered":"<p>Entre el 30 de junio y el 3 de julio de 2025 tuvo lugar la FiloLab International Doctoral Summer School 2025, bajo el t\u00edtulo Climate Change, Science Communication, and Public Opinion. La Escuela reuni\u00f3 a m\u00e1s de veinte estudiantes de doctorado procedentes de universidades de Europa y Am\u00e9rica Latina, y cont\u00f3 con la participaci\u00f3n de [&hellip;]<!-- AddThis Advanced Settings generic via filter on get_the_excerpt --><!-- AddThis Share Buttons generic via filter on get_the_excerpt --><\/p>\n","protected":false},"author":1,"featured_media":7096,"comment_status":"open","ping_status":"open","sticky":false,"template":"","format":"standard","meta":[],"categories":[1239,9,16],"tags":[3350,3348,1421,1576,3698,3986,3936],"_links":{"self":[{"href":"https:\/\/wpd.ugr.es\/~filolab\/wordpress\/wp-json\/wp\/v2\/posts\/7095"}],"collection":[{"href":"https:\/\/wpd.ugr.es\/~filolab\/wordpress\/wp-json\/wp\/v2\/posts"}],"about":[{"href":"https:\/\/wpd.ugr.es\/~filolab\/wordpress\/wp-json\/wp\/v2\/types\/post"}],"author":[{"embeddable":true,"href":"https:\/\/wpd.ugr.es\/~filolab\/wordpress\/wp-json\/wp\/v2\/users\/1"}],"replies":[{"embeddable":true,"href":"https:\/\/wpd.ugr.es\/~filolab\/wordpress\/wp-json\/wp\/v2\/comments?post=7095"}],"version-history":[{"count":4,"href":"https:\/\/wpd.ugr.es\/~filolab\/wordpress\/wp-json\/wp\/v2\/posts\/7095\/revisions"}],"predecessor-version":[{"id":7127,"href":"https:\/\/wpd.ugr.es\/~filolab\/wordpress\/wp-json\/wp\/v2\/posts\/7095\/revisions\/7127"}],"wp:featuredmedia":[{"embeddable":true,"href":"https:\/\/wpd.ugr.es\/~filolab\/wordpress\/wp-json\/wp\/v2\/media\/7096"}],"wp:attachment":[{"href":"https:\/\/wpd.ugr.es\/~filolab\/wordpress\/wp-json\/wp\/v2\/media?parent=7095"}],"wp:term":[{"taxonomy":"category","embeddable":true,"href":"https:\/\/wpd.ugr.es\/~filolab\/wordpress\/wp-json\/wp\/v2\/categories?post=7095"},{"taxonomy":"post_tag","embeddable":true,"href":"https:\/\/wpd.ugr.es\/~filolab\/wordpress\/wp-json\/wp\/v2\/tags?post=7095"}],"curies":[{"name":"wp","href":"https:\/\/api.w.org\/{rel}","templated":true}]}}