{"id":7212,"date":"2025-09-23T12:49:58","date_gmt":"2025-09-23T10:49:58","guid":{"rendered":"https:\/\/wpd.ugr.es\/~filolab\/wordpress\/?p=7212"},"modified":"2025-09-24T10:53:29","modified_gmt":"2025-09-24T08:53:29","slug":"nuevo-proyecto-para-mejorar-las-politicas-publicas-sanitarias-relacionadas-con-el-final-de-la-vida","status":"publish","type":"post","link":"https:\/\/wpd.ugr.es\/~filolab\/wordpress\/2025\/09\/23\/nuevo-proyecto-para-mejorar-las-politicas-publicas-sanitarias-relacionadas-con-el-final-de-la-vida\/","title":{"rendered":"Nuevo proyecto para mejorar las pol\u00edticas p\u00fablicas sanitarias relacionadas con el final de la vida"},"content":{"rendered":"<p>El pasado 15 de septiembre dio comienzo el proyecto \u00abDiagn\u00f3stico sobre Necesidades en la Aplicaci\u00f3n de Pol\u00edticas P\u00fablicas en Final de Vida en Espa\u00f1a\u00bb, financiado en la convocatoria Conecta \u2013 4\u00aa edici\u00f3n (2024) del Observatorio Social de la Fundaci\u00f3n \u00abLa Caixa\u00bb.<\/p>\n<p>La convocatoria Conecta busca apoyar proyectos que unan investigaci\u00f3n y pr\u00e1ctica social, fomentando la colaboraci\u00f3n entre entidades del \u00e1mbito investigador y actores sociales para generar conocimiento aplicable que contribuya a mejorar el bienestar y la equidad en la sociedad. En esta edici\u00f3n se presentaron 206 proyectos, de los cuales fueron seleccionados 13, entre ellos el presentado por la C\u00e1tedra Youngner de Bio\u00e9tica Emp\u00edrica (CYBE), FiloLab-UGR del Departamento de Filosof\u00eda I de nuestra Universidad.<\/p>\n<p>El proyecto responde a la necesidad de disponer de datos fiables y exhaustivos sobre las pr\u00e1cticas de final de vida en Espa\u00f1a, un \u00e1mbito en el que las decisiones cl\u00ednicas y \u00e9ticas afectan profundamente a pacientes, familias y profesionales. Hasta ahora, los datos disponibles han sido parciales y heterog\u00e9neos, lo que dificulta la formulaci\u00f3n de pol\u00edticas p\u00fablicas coherentes y basadas en evidencia. En este contexto, garantizar un final de vida respetado y libre de sufrimiento constituye una demanda social creciente y un derecho cada vez m\u00e1s reconocido, aunque su implementaci\u00f3n plantea importantes desaf\u00edos.<\/p>\n<p>La iniciativa se enmarca en el \u00abObservatorio \u00c9tico de Seguimiento y Evaluaci\u00f3n de Pr\u00e1cticas de Final de la Vida en Espa\u00f1a\u00bb, impulsado por la CYBE, bajo la direcci\u00f3n del catedr\u00e1tico<span style=\"color: #3f96ac;\"> <a style=\"color: #3f96ac;\" href=\"https:\/\/wpd.ugr.es\/~filolab\/wordpress\/quienes-somos-nueva\/investigadores-garantes\/david-rodriguez-arias\/\">David Rodr\u00edguez-Arias<\/a><\/span>, en colaboraci\u00f3n con el Ministerio de Sanidad, representado por la Dr. Pilar Aparicio, consejera t\u00e9cnica en la Direcci\u00f3n General de Salud P\u00fablica. Para este proyecto de la convocatoria Conecta se incorpora adem\u00e1s la Red de Investigaci\u00f3n sobre el Final de la Vida (RedEOL) como entidad del sector social, aportando capilaridad con la pr\u00e1ctica asistencial, la implicaci\u00f3n de profesionales y asociaciones, y la transferencia, formaci\u00f3n y difusi\u00f3n para facilitar la adopci\u00f3n de buenas pr\u00e1cticas. En el consorcio, RedEOL est\u00e1 representada por la Dra. Maribel Tamayo, profesora en la Escuela Andaluza de Salud P\u00fablica. Este consorcio interdisciplinar combina la experiencia acad\u00e9mica, cl\u00ednica y pol\u00edtica para garantizar que los resultados tengan un impacto real en la calidad asistencial, en la pr\u00e1ctica profesional y en la formulaci\u00f3n de pol\u00edticas sanitarias.<\/p>\n<p>El nuevo proyecto supone adem\u00e1s la continuidad a la trayectoria investigadora de la CYBE (grupo <span style=\"color: #3f96ac;\"><a style=\"color: #3f96ac;\" href=\"https:\/\/www.inedyto.com\/\">INEDyTO<\/a><\/span>), que previamente ha desarrollado los proyectos INEDyTO 1 (2018\u20132021, financiado por MINECO-AEI) e INEDyTO 2: Bio\u00e9tica y pr\u00e1cticas relacionadas con el final de la vida (2021\u20132025, financiado por MCIN-AEI). Gracias a esta l\u00ednea de investigaci\u00f3n sostenida en el tiempo, Espa\u00f1a est\u00e1 ganando un papel de referencia internacional en la evaluaci\u00f3n bio\u00e9tica y el seguimiento emp\u00edrico de las pol\u00edticas p\u00fablicas sobre el final de la vida.<\/p>\n<p>La Fundaci\u00f3n \u00abla Caixa\u00bb promueve adem\u00e1s la participaci\u00f3n de los proyectos seleccionados en actividades de formaci\u00f3n y debate. En este marco, la doctora Nerea Molina, miembro de la C\u00e1tedra CYBE, asistir\u00e1 al Encuentro de Formaci\u00f3n los d\u00edas 15 y 16 de octubre en Cap Roig (Girona), que incluir\u00e1 sesiones sobre el Observatorio Social y gesti\u00f3n de la ayuda, ciencia abierta, gesti\u00f3n de datos y aplicaciones de la inteligencia artificial en investigaci\u00f3n social. Un segundo evento ser\u00e1 el F\u00f3rum360, cuya cuarta edici\u00f3n se celebrar\u00e1 el 25 de noviembre en el Palau Macaya (Barcelona). En este foro, dedicado a debatir los principales temas de investigaci\u00f3n apoyados por el Observatorio Social, participar\u00e1 la doctora Maribel Tamayo como representante de la RedEOL en el consorcio.<\/p>\n<p>Con el apoyo institucional y social de este consorcio, el proyecto se asienta sobre una base s\u00f3lida de conocimiento acumulado, metodolog\u00edas contrastadas y redes de colaboraci\u00f3n, con el objetivo de profundizar, ampliar y trasladar resultados a la pol\u00edtica sanitaria y social en Espa\u00f1a.<\/p>\n<p>M\u00e1s informaci\u00f3n sobre la convocatoria Conecta \u2012 4\u00aa edici\u00f3n de la Fundaci\u00f3n \u00abla Caixa\u00bb y los proyectos seleccionados:<br><span style=\"color: #3f96ac;\"><a style=\"color: #3f96ac;\" href=\"https:\/\/elobservatoriosocial.fundacionlacaixa.org\/es\/-\/convocatoria-conecta-4-edicion\">https:\/\/elobservatoriosocial.fundacionlacaixa.org\/es\/-\/convocatoria-conecta-4-edicion <\/a><\/span><\/p>\n\n\n<figure class=\"wp-block-image size-large\"><img loading=\"lazy\" width=\"1024\" height=\"813\" src=\"http:\/\/wpd.ugr.es\/~filolab\/wordpress\/wp-content\/uploads\/2025\/09\/CYBE_sin-fondo-1024x813.png\" alt=\"\" class=\"wp-image-7214\" srcset=\"https:\/\/wpd.ugr.es\/~filolab\/wordpress\/wp-content\/uploads\/2025\/09\/CYBE_sin-fondo-1024x813.png 1024w, https:\/\/wpd.ugr.es\/~filolab\/wordpress\/wp-content\/uploads\/2025\/09\/CYBE_sin-fondo-300x238.png 300w, https:\/\/wpd.ugr.es\/~filolab\/wordpress\/wp-content\/uploads\/2025\/09\/CYBE_sin-fondo-768x609.png 768w, https:\/\/wpd.ugr.es\/~filolab\/wordpress\/wp-content\/uploads\/2025\/09\/CYBE_sin-fondo-1536x1219.png 1536w, https:\/\/wpd.ugr.es\/~filolab\/wordpress\/wp-content\/uploads\/2025\/09\/CYBE_sin-fondo-2048x1625.png 2048w\" sizes=\"(max-width: 1024px) 100vw, 1024px\" \/><\/figure>\n<!-- AddThis Advanced Settings generic via filter on the_content --><!-- AddThis Share Buttons generic via filter on the_content -->","protected":false},"excerpt":{"rendered":"<p>El pasado 15 de septiembre dio comienzo el proyecto \u00abDiagn\u00f3stico sobre Necesidades en la Aplicaci\u00f3n de Pol\u00edticas P\u00fablicas en Final de Vida en Espa\u00f1a\u00bb, financiado en la convocatoria Conecta \u2013 4\u00aa edici\u00f3n (2024) del Observatorio Social de la Fundaci\u00f3n \u00abLa Caixa\u00bb. La convocatoria Conecta busca apoyar proyectos que unan investigaci\u00f3n y pr\u00e1ctica social, fomentando la [&hellip;]<!-- AddThis Advanced Settings generic via filter on get_the_excerpt --><!-- AddThis Share Buttons generic via filter on get_the_excerpt --><\/p>\n","protected":false},"author":1,"featured_media":7214,"comment_status":"open","ping_status":"open","sticky":false,"template":"","format":"standard","meta":[],"categories":[16,650,2218,1162],"tags":[437,1243,3390,439,941],"_links":{"self":[{"href":"https:\/\/wpd.ugr.es\/~filolab\/wordpress\/wp-json\/wp\/v2\/posts\/7212"}],"collection":[{"href":"https:\/\/wpd.ugr.es\/~filolab\/wordpress\/wp-json\/wp\/v2\/posts"}],"about":[{"href":"https:\/\/wpd.ugr.es\/~filolab\/wordpress\/wp-json\/wp\/v2\/types\/post"}],"author":[{"embeddable":true,"href":"https:\/\/wpd.ugr.es\/~filolab\/wordpress\/wp-json\/wp\/v2\/users\/1"}],"replies":[{"embeddable":true,"href":"https:\/\/wpd.ugr.es\/~filolab\/wordpress\/wp-json\/wp\/v2\/comments?post=7212"}],"version-history":[{"count":4,"href":"https:\/\/wpd.ugr.es\/~filolab\/wordpress\/wp-json\/wp\/v2\/posts\/7212\/revisions"}],"predecessor-version":[{"id":7228,"href":"https:\/\/wpd.ugr.es\/~filolab\/wordpress\/wp-json\/wp\/v2\/posts\/7212\/revisions\/7228"}],"wp:featuredmedia":[{"embeddable":true,"href":"https:\/\/wpd.ugr.es\/~filolab\/wordpress\/wp-json\/wp\/v2\/media\/7214"}],"wp:attachment":[{"href":"https:\/\/wpd.ugr.es\/~filolab\/wordpress\/wp-json\/wp\/v2\/media?parent=7212"}],"wp:term":[{"taxonomy":"category","embeddable":true,"href":"https:\/\/wpd.ugr.es\/~filolab\/wordpress\/wp-json\/wp\/v2\/categories?post=7212"},{"taxonomy":"post_tag","embeddable":true,"href":"https:\/\/wpd.ugr.es\/~filolab\/wordpress\/wp-json\/wp\/v2\/tags?post=7212"}],"curies":[{"name":"wp","href":"https:\/\/api.w.org\/{rel}","templated":true}]}}