{"id":7220,"date":"2025-09-23T13:20:36","date_gmt":"2025-09-23T11:20:36","guid":{"rendered":"https:\/\/wpd.ugr.es\/~filolab\/wordpress\/?p=7220"},"modified":"2025-09-24T10:52:35","modified_gmt":"2025-09-24T08:52:35","slug":"la-catedra-youngner-de-bioetica-empirica-participa-en-el-primer-encuentro-de-predi-lynch-en-heidelberg","status":"publish","type":"post","link":"https:\/\/wpd.ugr.es\/~filolab\/wordpress\/2025\/09\/23\/la-catedra-youngner-de-bioetica-empirica-participa-en-el-primer-encuentro-de-predi-lynch-en-heidelberg\/","title":{"rendered":"La C\u00e1tedra Youngner de Bio\u00e9tica Emp\u00edrica participa en el primer encuentro de PREDI-LYNCH en Heidelberg"},"content":{"rendered":"<p>Los d\u00edas 17 y 18 de septiembre han tenido lugar en Heidelberg (Alemania) la primera reuni\u00f3n presencial del consorcio europeo <span style=\"color: #3f96ac;\"><a style=\"color: #3f96ac;\" href=\"https:\/\/predi-lynch.eu\/\">PREDI-LYNCH<\/a><\/span> (Validated non-invasive liquid biopsy tests for cancer PREDIction in LYNCH Syndrome), financiado por la Misi\u00f3n C\u00e1ncer de Horizon Europe. El proyecto comenz\u00f3 oficialmente en mayo de 2025 y se desarrollar\u00e1 durante seis a\u00f1os.<\/p>\n<p>El s\u00edndrome de Lynch es la predisposici\u00f3n hereditaria m\u00e1s frecuente al c\u00e1ncer, especialmente colorrectal, endometrial y urol\u00f3gico. PREDI-LYNCH busca validar nuevas estrategias no invasivas \u2014basadas en biopsias l\u00edquidas y an\u00e1lisis multi-\u00f3micos de plasma, orina, heces y muestras ginecol\u00f3gicas\u2014 con el objetivo de detectar de forma precoz tumores y lesiones precancerosas, reduciendo procedimientos invasivos y mejorando la calidad de vida de las personas portadoras.<\/p>\n<p>En la reuni\u00f3n, los equipos responsables de los diferentes work packages presentaron los avances logrados desde el inicio del proyecto y compartieron los pr\u00f3ximos pasos. Entre los hitos destacados se incluy\u00f3 la presentaci\u00f3n del protocolo cl\u00ednico y el debate sobre cuestiones log\u00edsticas relativas al transporte de muestras desde m\u00e1s de diez hospitales participantes hacia los centros de an\u00e1lisis e investigaci\u00f3n.<\/p>\n<p>La Universidad de Granada (UGR), a trav\u00e9s de la C\u00e1tedra Youngner de Bio\u00e9tica Emp\u00edrica (CYBE), estuvo representada por <span style=\"color: #3f96ac;\"><a style=\"color: #3f96ac;\" href=\"https:\/\/wpd.ugr.es\/~filolab\/wordpress\/quienes-somos-nueva\/investigadores-garantes\/alberto-molina-perez\/\">Alberto Molina P\u00e9rez<\/a><\/span> (coordinador del proyecto en la UGR) y Nerea Molina (project manager). Ambos presentaron los progresos en materia de supervisi\u00f3n \u00e9tica, en particular la constituci\u00f3n en junio del Comit\u00e9 \u00c9tico Externo (Independent Ethical Advisory Board, IEAB). Este comit\u00e9 est\u00e1 integrado por especialistas en derecho, investigaci\u00f3n biom\u00e9dica, salud p\u00fablica y representantes de pacientes, y tiene la misi\u00f3n de ofrecer un acompa\u00f1amiento \u00e9tico y legal s\u00f3lido a lo largo de todo el proyecto. Asimismo, desde la C\u00e1tedra se ofreci\u00f3 apoyo al equipo cl\u00ednico para la elaboraci\u00f3n de las hojas y materiales de informaci\u00f3n dirigidos a los potenciales participantes.<\/p>\n<p>El encuentro sirvi\u00f3 tambi\u00e9n para estrechar lazos entre los m\u00e1s de 25 socios del consorcio, combinando sesiones cient\u00edficas con actividades sociales, como un recorrido por la ciudad de Heidelberg.<\/p>\n<p>M\u00e1s informaci\u00f3n y actualizaciones sobre el proyecto est\u00e1n disponibles en la p\u00e1gina web <span style=\"color: #3f96ac;\"><a style=\"color: #3f96ac;\" href=\"https:\/\/predi-lynch.eu\/\">predi-lynch.eu<\/a><\/span> y en el perfil de <a href=\"https:\/\/www.linkedin.com\/company\/predi-lynch\/\"><span style=\"color: #3f96ac;\">LinkedIn<\/span><\/a>.<\/p>\n<p>Este proyecto ha recibido financiaci\u00f3n del programa de investigaci\u00f3n e innovaci\u00f3n Horizonte Europa de la Uni\u00f3n Europea en el marco de la Misi\u00f3n C\u00e1ncer, acuerdo de subvenci\u00f3n n\u00ba 101213916.<\/p>\n\n\n<figure class=\"wp-block-image size-large\"><img loading=\"lazy\" width=\"1024\" height=\"471\" src=\"https:\/\/wpd.ugr.es\/~filolab\/wordpress\/wp-content\/uploads\/2025\/09\/PrediLynchGroup-1024x471.png\" alt=\"\" class=\"wp-image-7224\" srcset=\"https:\/\/wpd.ugr.es\/~filolab\/wordpress\/wp-content\/uploads\/2025\/09\/PrediLynchGroup-1024x471.png 1024w, https:\/\/wpd.ugr.es\/~filolab\/wordpress\/wp-content\/uploads\/2025\/09\/PrediLynchGroup-300x138.png 300w, https:\/\/wpd.ugr.es\/~filolab\/wordpress\/wp-content\/uploads\/2025\/09\/PrediLynchGroup-768x353.png 768w, https:\/\/wpd.ugr.es\/~filolab\/wordpress\/wp-content\/uploads\/2025\/09\/PrediLynchGroup.png 1280w\" sizes=\"(max-width: 1024px) 100vw, 1024px\" \/><\/figure>\n<!-- AddThis Advanced Settings generic via filter on the_content --><!-- AddThis Share Buttons generic via filter on the_content -->","protected":false},"excerpt":{"rendered":"<p>Los d\u00edas 17 y 18 de septiembre han tenido lugar en Heidelberg (Alemania) la primera reuni\u00f3n presencial del consorcio europeo PREDI-LYNCH (Validated non-invasive liquid biopsy tests for cancer PREDIction in LYNCH Syndrome), financiado por la Misi\u00f3n C\u00e1ncer de Horizon Europe. El proyecto comenz\u00f3 oficialmente en mayo de 2025 y se desarrollar\u00e1 durante seis a\u00f1os. El [&hellip;]<!-- AddThis Advanced Settings generic via filter on get_the_excerpt --><!-- AddThis Share Buttons generic via filter on get_the_excerpt --><\/p>\n","protected":false},"author":1,"featured_media":7221,"comment_status":"open","ping_status":"open","sticky":false,"template":"","format":"standard","meta":[],"categories":[1239,141,16,2218,1162],"tags":[4044,3906,3024,1524,4040,4042],"_links":{"self":[{"href":"https:\/\/wpd.ugr.es\/~filolab\/wordpress\/wp-json\/wp\/v2\/posts\/7220"}],"collection":[{"href":"https:\/\/wpd.ugr.es\/~filolab\/wordpress\/wp-json\/wp\/v2\/posts"}],"about":[{"href":"https:\/\/wpd.ugr.es\/~filolab\/wordpress\/wp-json\/wp\/v2\/types\/post"}],"author":[{"embeddable":true,"href":"https:\/\/wpd.ugr.es\/~filolab\/wordpress\/wp-json\/wp\/v2\/users\/1"}],"replies":[{"embeddable":true,"href":"https:\/\/wpd.ugr.es\/~filolab\/wordpress\/wp-json\/wp\/v2\/comments?post=7220"}],"version-history":[{"count":2,"href":"https:\/\/wpd.ugr.es\/~filolab\/wordpress\/wp-json\/wp\/v2\/posts\/7220\/revisions"}],"predecessor-version":[{"id":7225,"href":"https:\/\/wpd.ugr.es\/~filolab\/wordpress\/wp-json\/wp\/v2\/posts\/7220\/revisions\/7225"}],"wp:featuredmedia":[{"embeddable":true,"href":"https:\/\/wpd.ugr.es\/~filolab\/wordpress\/wp-json\/wp\/v2\/media\/7221"}],"wp:attachment":[{"href":"https:\/\/wpd.ugr.es\/~filolab\/wordpress\/wp-json\/wp\/v2\/media?parent=7220"}],"wp:term":[{"taxonomy":"category","embeddable":true,"href":"https:\/\/wpd.ugr.es\/~filolab\/wordpress\/wp-json\/wp\/v2\/categories?post=7220"},{"taxonomy":"post_tag","embeddable":true,"href":"https:\/\/wpd.ugr.es\/~filolab\/wordpress\/wp-json\/wp\/v2\/tags?post=7220"}],"curies":[{"name":"wp","href":"https:\/\/api.w.org\/{rel}","templated":true}]}}