{"id":7235,"date":"2025-09-24T19:07:13","date_gmt":"2025-09-24T17:07:13","guid":{"rendered":"https:\/\/wpd.ugr.es\/~filolab\/wordpress\/?p=7235"},"modified":"2025-09-25T12:09:47","modified_gmt":"2025-09-25T10:09:47","slug":"convocatoria-abierta-stal-2026-slurring-terms-across-languages","status":"publish","type":"post","link":"https:\/\/wpd.ugr.es\/~filolab\/wordpress\/2025\/09\/24\/convocatoria-abierta-stal-2026-slurring-terms-across-languages\/","title":{"rendered":"Convocatoria abierta \u2013 STAL-2026: \u00abSlurring Terms Across Languages\u00bb"},"content":{"rendered":"<p data-start=\"302\" data-end=\"660\">Ya est\u00e1 abierta la convocatoria de propuestas para el workshop internacional Slurring Terms Across Languages (STAL-2026), que se celebrar\u00e1 en la Universidad de Granada los d\u00edas 14 y 15 de mayo de 2026. El plazo para el env\u00edo de res\u00famenes estar\u00e1 abierto hasta el 15 de diciembre de 2025. La lengua de trabajo del congreso ser\u00e1 el ingl\u00e9s.<\/p>\n<p data-start=\"662\" data-end=\"1211\">El objetivo principal del encuentro es reunir investigaciones sobre insultos, expresiones peyorativas y <em data-start=\"768\" data-end=\"775\">slurs<\/em> en lenguas poco exploradas en la literatura filos\u00f3fica y sem\u00e1ntica, con especial atenci\u00f3n a las lenguas de signos y a las lenguas no indoeuropeas. El prop\u00f3sito es poner de relieve nuevos datos emp\u00edricos capaces de desafiar o enriquecer las teor\u00edas actuales sobre el lenguaje expresivo y derogatorio. Se anima a presentar estudios te\u00f3ricos y emp\u00edricos, comparaciones interling\u00fc\u00edsticas y aplicaciones novedosas de teor\u00edas existentes.<\/p>\n<h3 data-start=\"1213\" data-end=\"1234\">Sesi\u00f3n especial<\/h3>\n<p data-start=\"982\" data-end=\"1408\">STAL-2026 incluir\u00e1 una sesi\u00f3n especial titulada Valence asymmetries in expressive language, financiada por el proyecto ERC Advanced Grant <em data-start=\"1124\" data-end=\"1145\">Valence Asymmetries<\/em> (PI: Isidora Stojanovic). Esta sesi\u00f3n est\u00e1 dedicada al estudio de la valencia positiva, negativa o ambivalente de los t\u00e9rminos expresivos (insultos, peyorativos, ameliorativos), as\u00ed como a los procesos de cambio de valencia (como la reapropiaci\u00f3n de insultos).<\/p>\n<p data-start=\"1410\" data-end=\"1531\">El proyecto ERC cubrir\u00e1 hasta 500 \u20ac de viaje para las personas seleccionadas en esta sesi\u00f3n (una por contribuci\u00f3n).<\/p>\n<h3 data-start=\"1580\" data-end=\"1604\">Comit\u00e9 organizador<\/h3>\n<p data-start=\"1605\" data-end=\"1895\">El encuentro est\u00e1 organizado por <strong data-start=\"1638\" data-end=\"1660\">Neftal\u00ed Villanueva<\/strong> (UGR, director de FiloLab), <strong data-start=\"1689\" data-end=\"1706\">Sergio Guerra<\/strong> (UGR, investigador en formaci\u00f3n en FiloLab), <strong data-start=\"1752\" data-end=\"1774\">Alba Moreno Zurita<\/strong> (USC, colaboradora de FiloLab), junto con <strong data-start=\"1817\" data-end=\"1830\">Dan Zeman<\/strong> (Universidad de Oporto) e <strong data-start=\"1857\" data-end=\"1879\">Isidora Stojanovic<\/strong> (CNRS &amp; UPF).<\/p>\n<h3 data-start=\"1897\" data-end=\"1922\">Env\u00edo de propuestas<\/h3>\n<ul>\n<li><strong data-start=\"1925\" data-end=\"1935\">Charla<\/strong>: 50 minutos (30 de presentaci\u00f3n + 20 de debate).<\/li>\n<li><strong data-start=\"1989\" data-end=\"2000\">Resumen<\/strong>: 2 p\u00e1ginas (con una tercera opcional solo para ejemplos no ingleses glosados).<\/li>\n<li><strong data-start=\"2084\" data-end=\"2100\">Fecha l\u00edmite<\/strong>: <strong data-start=\"2102\" data-end=\"2129\">15 de diciembre de 2025<\/strong>.<\/li>\n<li><strong data-start=\"2135\" data-end=\"2144\">Env\u00edo<\/strong>:<span style=\"color: #3f96ac;\"> <a class=\"decorated-link\" style=\"color: #3f96ac;\" href=\"https:\/\/forms.gle\/W6McPvUbAWnkPhX79\" target=\"_new\" rel=\"noopener\" data-start=\"2146\" data-end=\"2197\">Google Forms<\/a><\/span>.<\/li>\n<li>Notificaci\u00f3n de aceptaci\u00f3n: febrero de 2026.<\/li>\n<\/ul>\n<h3 data-start=\"2251\" data-end=\"2262\">Lugar<\/h3>\n<p data-start=\"2263\" data-end=\"2444\">Residencia Universitaria Carmen de la Victoria, Universidad de Granada.<br data-start=\"2334\" data-end=\"2337\" \/>Los participantes podr\u00e1n reservar alojamiento en la propia sede (13\u201316 de mayo) a las tarifas habituales.<\/p>\n<p data-start=\"2446\" data-end=\"2634\">\ud83d\udcc4 M\u00e1s informaci\u00f3n: <span style=\"color: #3f96ac;\"><a class=\"decorated-link\" style=\"color: #3f96ac;\" href=\"https:\/\/sites.google.com\/view\/stal-2026\" target=\"_new\" rel=\"noopener\" data-start=\"2466\" data-end=\"2525\">sitio web oficial<\/a><\/span><br data-start=\"2525\" data-end=\"2528\" \/>\ud83d\udce7 Contacto: <span style=\"color: #3f96ac;\"><a class=\"decorated-link cursor-pointer\" style=\"color: #3f96ac;\" rel=\"noopener\" data-start=\"2541\" data-end=\"2562\">stalnetwork@gmail.com<\/a><\/span><br data-start=\"2562\" data-end=\"2565\" \/>\ud83d\udd17 Evento en <span style=\"color: #3f96ac;\"><a class=\"decorated-link\" style=\"color: #3f96ac;\" href=\"https:\/\/philevents.org\/event\/show\/140238\" target=\"_new\" rel=\"noopener\" data-start=\"2578\" data-end=\"2632\">PhilEvents<\/a><\/span><\/p>\n<!-- AddThis Advanced Settings generic via filter on the_content --><!-- AddThis Share Buttons generic via filter on the_content -->","protected":false},"excerpt":{"rendered":"<p>Ya est\u00e1 abierta la convocatoria de propuestas para el workshop internacional Slurring Terms Across Languages (STAL-2026), que se celebrar\u00e1 en la Universidad de Granada los d\u00edas 14 y 15 de mayo de 2026. El plazo para el env\u00edo de res\u00famenes estar\u00e1 abierto hasta el 15 de diciembre de 2025. La lengua de trabajo del congreso [&hellip;]<!-- AddThis Advanced Settings generic via filter on get_the_excerpt --><!-- AddThis Share Buttons generic via filter on get_the_excerpt --><\/p>\n","protected":false},"author":1,"featured_media":7241,"comment_status":"open","ping_status":"open","sticky":false,"template":"","format":"standard","meta":[],"categories":[1239,180,3340],"tags":[228,4046,1846],"_links":{"self":[{"href":"https:\/\/wpd.ugr.es\/~filolab\/wordpress\/wp-json\/wp\/v2\/posts\/7235"}],"collection":[{"href":"https:\/\/wpd.ugr.es\/~filolab\/wordpress\/wp-json\/wp\/v2\/posts"}],"about":[{"href":"https:\/\/wpd.ugr.es\/~filolab\/wordpress\/wp-json\/wp\/v2\/types\/post"}],"author":[{"embeddable":true,"href":"https:\/\/wpd.ugr.es\/~filolab\/wordpress\/wp-json\/wp\/v2\/users\/1"}],"replies":[{"embeddable":true,"href":"https:\/\/wpd.ugr.es\/~filolab\/wordpress\/wp-json\/wp\/v2\/comments?post=7235"}],"version-history":[{"count":5,"href":"https:\/\/wpd.ugr.es\/~filolab\/wordpress\/wp-json\/wp\/v2\/posts\/7235\/revisions"}],"predecessor-version":[{"id":7243,"href":"https:\/\/wpd.ugr.es\/~filolab\/wordpress\/wp-json\/wp\/v2\/posts\/7235\/revisions\/7243"}],"wp:featuredmedia":[{"embeddable":true,"href":"https:\/\/wpd.ugr.es\/~filolab\/wordpress\/wp-json\/wp\/v2\/media\/7241"}],"wp:attachment":[{"href":"https:\/\/wpd.ugr.es\/~filolab\/wordpress\/wp-json\/wp\/v2\/media?parent=7235"}],"wp:term":[{"taxonomy":"category","embeddable":true,"href":"https:\/\/wpd.ugr.es\/~filolab\/wordpress\/wp-json\/wp\/v2\/categories?post=7235"},{"taxonomy":"post_tag","embeddable":true,"href":"https:\/\/wpd.ugr.es\/~filolab\/wordpress\/wp-json\/wp\/v2\/tags?post=7235"}],"curies":[{"name":"wp","href":"https:\/\/api.w.org\/{rel}","templated":true}]}}