{"id":7251,"date":"2025-09-30T10:55:37","date_gmt":"2025-09-30T08:55:37","guid":{"rendered":"https:\/\/wpd.ugr.es\/~filolab\/wordpress\/?p=7251"},"modified":"2025-10-09T10:21:29","modified_gmt":"2025-10-09T08:21:29","slug":"salud-publica-y-observatorio-sobre-el-final-de-la-vida-en-el-dataforum-justicia-2025","status":"publish","type":"post","link":"https:\/\/wpd.ugr.es\/~filolab\/wordpress\/2025\/09\/30\/salud-publica-y-observatorio-sobre-el-final-de-la-vida-en-el-dataforum-justicia-2025\/","title":{"rendered":"\u00abSalud P\u00fablica y Observatorio sobre el final de la vida\u00bb, en el Dataf\u00f3rum Justicia 2025"},"content":{"rendered":"<p>Los d\u00edas 1, 2 y 3 de octubre se celebra en Le\u00f3n el <span style=\"color: #3f96ac;\"><a style=\"color: #3f96ac;\" href=\"https:\/\/dataforumjusticia.es\/agenda\/\">Dataf\u00f3rum Justicia 2025<\/a><\/span>, encuentro anual que re\u00fane a especialistas para debatir y compartir experiencias sobre los avances y retos en el \u00e1mbito de la justicia.<\/p>\n<p>En el marco de este foro, el jueves 2 de octubre a las 16 h, intervendr\u00e1 nuestro compa\u00f1ero <span style=\"color: #3f96ac;\"><a style=\"color: #3f96ac;\" href=\"https:\/\/wpd.ugr.es\/~filolab\/wordpress\/quienes-somos-nueva\/investigadores-garantes\/david-rodriguez-arias\/\">David Rodr\u00edguez-Arias<\/a><\/span>, catedr\u00e1tico de \u00c9tica en el Departamento de Filosof\u00eda I de la Universidad de Granada, subdirector de FiloLab y director de la C\u00e1tedra Youngner de Bio\u00e9tica Emp\u00edrica (CYBE), con la ponencia titulada:<\/p>\n<p>\u00abSalud P\u00fablica y Observatorio sobre el final de la vida\u00bb<\/p>\n<p>Su intervenci\u00f3n, que podr\u00e1 seguirse en streaming (<span style=\"color: #3f96ac;\"><a style=\"color: #3f96ac;\" href=\"https:\/\/www.youtube.com\/watch?v=p1gON5G80JQ\">v\u00eddeo de su charla<\/a><\/span>; <a href=\"https:\/\/youtu.be\/oVj0V4lxGxA\"><span style=\"color: #3f96ac;\">v\u00eddeo de la sesi\u00f3n completa<\/span>)<\/a>, abordar\u00e1 la importancia de incorporar la perspectiva bio\u00e9tica y de salud p\u00fablica en el an\u00e1lisis de las pr\u00e1cticas relacionadas con el final de la vida, en el marco del Observatorio \u00c9tico de Seguimiento y Evaluaci\u00f3n de Pr\u00e1cticas de Final de la Vida en Espa\u00f1a, una iniciativa fruto de la colaboraci\u00f3n entre el \u00e1rea de \u00c9tica de la Universidad de Granada y el Ministerio de Sanidad. <span style=\"color: #3f96ac;\"><a style=\"color: #3f96ac;\" href=\"https:\/\/wpd.ugr.es\/~filolab\/wordpress\/2025\/09\/23\/nuevo-proyecto-para-mejorar-las-politicas-publicas-sanitarias-relacionadas-con-el-final-de-la-vida\/\">Este Observatorio acaba de poner en marcha un nuevo proyecto para mejorar las pol\u00edticas p\u00fablicas sanitarias en este \u00e1mbito<\/a><\/span>.<\/p>\n\n\n<figure class=\"wp-block-image size-full\"><img loading=\"lazy\" width=\"307\" height=\"450\" src=\"https:\/\/wpd.ugr.es\/~filolab\/wordpress\/wp-content\/uploads\/2025\/09\/whatsapp-image-2025-06-19-at-10-14-36.jpeg\" alt=\"\" class=\"wp-image-7261\" srcset=\"https:\/\/wpd.ugr.es\/~filolab\/wordpress\/wp-content\/uploads\/2025\/09\/whatsapp-image-2025-06-19-at-10-14-36.jpeg 307w, https:\/\/wpd.ugr.es\/~filolab\/wordpress\/wp-content\/uploads\/2025\/09\/whatsapp-image-2025-06-19-at-10-14-36-205x300.jpeg 205w\" sizes=\"(max-width: 307px) 100vw, 307px\" \/><\/figure>\n<!-- AddThis Advanced Settings generic via filter on the_content --><!-- AddThis Share Buttons generic via filter on the_content -->","protected":false},"excerpt":{"rendered":"<p>Los d\u00edas 1, 2 y 3 de octubre se celebra en Le\u00f3n el Dataf\u00f3rum Justicia 2025, encuentro anual que re\u00fane a especialistas para debatir y compartir experiencias sobre los avances y retos en el \u00e1mbito de la justicia. En el marco de este foro, el jueves 2 de octubre a las 16 h, intervendr\u00e1 nuestro [&hellip;]<!-- AddThis Advanced Settings generic via filter on get_the_excerpt --><!-- AddThis Share Buttons generic via filter on get_the_excerpt --><\/p>\n","protected":false},"author":1,"featured_media":7302,"comment_status":"open","ping_status":"open","sticky":false,"template":"","format":"standard","meta":[],"categories":[1239,3392,141,1162],"tags":[437,1008,2611,947,1524],"_links":{"self":[{"href":"https:\/\/wpd.ugr.es\/~filolab\/wordpress\/wp-json\/wp\/v2\/posts\/7251"}],"collection":[{"href":"https:\/\/wpd.ugr.es\/~filolab\/wordpress\/wp-json\/wp\/v2\/posts"}],"about":[{"href":"https:\/\/wpd.ugr.es\/~filolab\/wordpress\/wp-json\/wp\/v2\/types\/post"}],"author":[{"embeddable":true,"href":"https:\/\/wpd.ugr.es\/~filolab\/wordpress\/wp-json\/wp\/v2\/users\/1"}],"replies":[{"embeddable":true,"href":"https:\/\/wpd.ugr.es\/~filolab\/wordpress\/wp-json\/wp\/v2\/comments?post=7251"}],"version-history":[{"count":5,"href":"https:\/\/wpd.ugr.es\/~filolab\/wordpress\/wp-json\/wp\/v2\/posts\/7251\/revisions"}],"predecessor-version":[{"id":7301,"href":"https:\/\/wpd.ugr.es\/~filolab\/wordpress\/wp-json\/wp\/v2\/posts\/7251\/revisions\/7301"}],"wp:featuredmedia":[{"embeddable":true,"href":"https:\/\/wpd.ugr.es\/~filolab\/wordpress\/wp-json\/wp\/v2\/media\/7302"}],"wp:attachment":[{"href":"https:\/\/wpd.ugr.es\/~filolab\/wordpress\/wp-json\/wp\/v2\/media?parent=7251"}],"wp:term":[{"taxonomy":"category","embeddable":true,"href":"https:\/\/wpd.ugr.es\/~filolab\/wordpress\/wp-json\/wp\/v2\/categories?post=7251"},{"taxonomy":"post_tag","embeddable":true,"href":"https:\/\/wpd.ugr.es\/~filolab\/wordpress\/wp-json\/wp\/v2\/tags?post=7251"}],"curies":[{"name":"wp","href":"https:\/\/api.w.org\/{rel}","templated":true}]}}