{"id":7404,"date":"2025-10-29T10:29:11","date_gmt":"2025-10-29T09:29:11","guid":{"rendered":"https:\/\/wpd.ugr.es\/~filolab\/wordpress\/?p=7404"},"modified":"2025-10-30T09:27:53","modified_gmt":"2025-10-30T08:27:53","slug":"7404","status":"publish","type":"post","link":"https:\/\/wpd.ugr.es\/~filolab\/wordpress\/2025\/10\/29\/7404\/","title":{"rendered":"Workshop \u00abApplied Issues in Current Philosophy of Language and Mind\u00bb"},"content":{"rendered":"<p>Los d\u00edas 6 y 7 de noviembre de 2025 tendr\u00e1 lugar en el Instituto de Filosof\u00eda de la Universidad de Oporto (Portugal) el workshop internacional Applied Issues in Current Philosophy of Language and Mind, organizado por Dan Zeman, <span style=\"color: #3f96ac;\"><a style=\"color: #3f96ac;\" href=\"https:\/\/wpd.ugr.es\/~filolab\/wordpress\/quienes-somos-nueva\/investigadores-colaboradores-de-centros-nacionales-e-internacionales\/alba-moreno-zurita\/\">Alba Moreno Zurita<\/a><\/span> y Tim Kenyon.<\/p>\n<p>El encuentro abordar\u00e1 el creciente inter\u00e9s por las cuestiones aplicadas y socialmente relevantes en la filosof\u00eda del lenguaje y de la mente, en el marco de lo que se ha denominado el giro pol\u00edtico en la filosof\u00eda anal\u00edtica. Entre los temas tratados se incluyen el discurso del odio, las herramientas ling\u00fc\u00edsticas de discriminaci\u00f3n y propaganda, los sesgos, la comunicaci\u00f3n no ideal y otras formas de injusticia epist\u00e9mica y discursiva.<\/p>\n<p>El programa contar\u00e1 con la participaci\u00f3n de investigadoras e investigadores internacionales, entre ellos, nuestro compa\u00f1ero <span style=\"color: #3f96ac;\"><a style=\"color: #3f96ac;\" href=\"https:\/\/wpd.ugr.es\/~filolab\/wordpress\/quienes-somos-nueva\/investigadores-garantes\/neftali-villanueva\/\">Neftal\u00ed Villanueva<\/a>,<\/span> director de FiloLab, que presentar\u00e1 la ponencia \u00abLynch on Political Meaning\u00bb el viernes 7 de noviembre.<\/p>\n<p>Puede encontrarse m\u00e1s informaci\u00f3n y el programa completo del workshop en <span style=\"color: #3f96ac;\"><a style=\"color: #3f96ac;\" href=\"https:\/\/ifilosofia.up.pt\/activities\/workshop-applied-issues-current-philosophy-language-mind\">este enlace<\/a><\/span>.<\/p>\n\n\n<figure class=\"wp-block-image size-large\"><img loading=\"lazy\" width=\"1024\" height=\"512\" src=\"http:\/\/wpd.ugr.es\/~filolab\/wordpress\/wp-content\/uploads\/2025\/10\/WorkshopPorto-1-1024x512.jpg\" alt=\"\" class=\"wp-image-7419\" srcset=\"https:\/\/wpd.ugr.es\/~filolab\/wordpress\/wp-content\/uploads\/2025\/10\/WorkshopPorto-1-1024x512.jpg 1024w, https:\/\/wpd.ugr.es\/~filolab\/wordpress\/wp-content\/uploads\/2025\/10\/WorkshopPorto-1-300x150.jpg 300w, https:\/\/wpd.ugr.es\/~filolab\/wordpress\/wp-content\/uploads\/2025\/10\/WorkshopPorto-1-768x384.jpg 768w, https:\/\/wpd.ugr.es\/~filolab\/wordpress\/wp-content\/uploads\/2025\/10\/WorkshopPorto-1-1536x768.jpg 1536w, https:\/\/wpd.ugr.es\/~filolab\/wordpress\/wp-content\/uploads\/2025\/10\/WorkshopPorto-1-720x360.jpg 720w, https:\/\/wpd.ugr.es\/~filolab\/wordpress\/wp-content\/uploads\/2025\/10\/WorkshopPorto-1.jpg 1654w\" sizes=\"(max-width: 1024px) 100vw, 1024px\" \/><\/figure>\n<!-- AddThis Advanced Settings generic via filter on the_content --><!-- AddThis Share Buttons generic via filter on the_content -->","protected":false},"excerpt":{"rendered":"<p>Los d\u00edas 6 y 7 de noviembre de 2025 tendr\u00e1 lugar en el Instituto de Filosof\u00eda de la Universidad de Oporto (Portugal) el workshop internacional Applied Issues in Current Philosophy of Language and Mind, organizado por Dan Zeman, Alba Moreno Zurita y Tim Kenyon. El encuentro abordar\u00e1 el creciente inter\u00e9s por las cuestiones aplicadas y [&hellip;]<!-- AddThis Advanced Settings generic via filter on get_the_excerpt --><!-- AddThis Share Buttons generic via filter on get_the_excerpt --><\/p>\n","protected":false},"author":1,"featured_media":7419,"comment_status":"open","ping_status":"open","sticky":false,"template":"","format":"standard","meta":[],"categories":[3340],"tags":[2917,228,4116,4046,3414,4118,3610,3576,1846],"_links":{"self":[{"href":"https:\/\/wpd.ugr.es\/~filolab\/wordpress\/wp-json\/wp\/v2\/posts\/7404"}],"collection":[{"href":"https:\/\/wpd.ugr.es\/~filolab\/wordpress\/wp-json\/wp\/v2\/posts"}],"about":[{"href":"https:\/\/wpd.ugr.es\/~filolab\/wordpress\/wp-json\/wp\/v2\/types\/post"}],"author":[{"embeddable":true,"href":"https:\/\/wpd.ugr.es\/~filolab\/wordpress\/wp-json\/wp\/v2\/users\/1"}],"replies":[{"embeddable":true,"href":"https:\/\/wpd.ugr.es\/~filolab\/wordpress\/wp-json\/wp\/v2\/comments?post=7404"}],"version-history":[{"count":4,"href":"https:\/\/wpd.ugr.es\/~filolab\/wordpress\/wp-json\/wp\/v2\/posts\/7404\/revisions"}],"predecessor-version":[{"id":7420,"href":"https:\/\/wpd.ugr.es\/~filolab\/wordpress\/wp-json\/wp\/v2\/posts\/7404\/revisions\/7420"}],"wp:featuredmedia":[{"embeddable":true,"href":"https:\/\/wpd.ugr.es\/~filolab\/wordpress\/wp-json\/wp\/v2\/media\/7419"}],"wp:attachment":[{"href":"https:\/\/wpd.ugr.es\/~filolab\/wordpress\/wp-json\/wp\/v2\/media?parent=7404"}],"wp:term":[{"taxonomy":"category","embeddable":true,"href":"https:\/\/wpd.ugr.es\/~filolab\/wordpress\/wp-json\/wp\/v2\/categories?post=7404"},{"taxonomy":"post_tag","embeddable":true,"href":"https:\/\/wpd.ugr.es\/~filolab\/wordpress\/wp-json\/wp\/v2\/tags?post=7404"}],"curies":[{"name":"wp","href":"https:\/\/api.w.org\/{rel}","templated":true}]}}