{"id":7491,"date":"2025-11-17T17:31:42","date_gmt":"2025-11-17T16:31:42","guid":{"rendered":"https:\/\/wpd.ugr.es\/~filolab\/wordpress\/?p=7491"},"modified":"2025-12-12T12:28:18","modified_gmt":"2025-12-12T11:28:18","slug":"segunda-sesion-del-seminario-de-jovenes-investigadores-leibniz","status":"publish","type":"post","link":"https:\/\/wpd.ugr.es\/~filolab\/wordpress\/2025\/11\/17\/segunda-sesion-del-seminario-de-jovenes-investigadores-leibniz\/","title":{"rendered":"Segunda sesi\u00f3n del Seminario de J\u00f3venes Investigadores Leibniz"},"content":{"rendered":"<p>El martes, 18 de noviembre, a las 17h (horario de Espa\u00f1a peninsular), tendr\u00e1 lugar la segunda sesi\u00f3n del curso 2025-26 del Seminario de J\u00f3venes Investigadores Leibniz, organizado por la C\u00e1tedra Leibniz de Filosof\u00eda, que est\u00e1 dirigida por <span style=\"color: #3f96ac;\"><a style=\"color: #3f96ac;\" href=\"https:\/\/wpd.ugr.es\/~filolab\/wordpress\/quienes-somos-nueva\/investigadores-garantes\/juan-antonio-nicolas\/\">Juan-Antonio Nicol\u00e1s<\/a><\/span>, miembro de FiloLab.<\/p>\n<p>La sesi\u00f3n correr\u00e1 a cargo de dos ponentes: Ezequiel Barros (Pontifical Catholic University of Paran\u00e1 \/ Universit\u00e0 degli Studi di Ferrara), que hablar\u00e1 de \u00abUna introducci\u00f3n a la recepci\u00f3n de Leibniz por Husserl\u00bb; y Sof\u00eda Araujo (Univ. NOVA de Lisboa), con una presentaci\u00f3n titulada \u00abO sentimento segundo a express\u00e3o\u00bb. Comentar\u00e1n las ponencias Roberto Casales y Edgar Marques. Se puede acceder online a la sesi\u00f3n a trav\u00e9s de <span style=\"color: #3f96ac;\"><a style=\"color: #3f96ac;\" href=\"https:\/\/meet.google.com\/sso-bcnv-yqk\">este enlace<\/a><\/span>.<\/p>\n<p>En la p\u00e1gina web de la C\u00e1tedra (<span style=\"color: #3f96ac;\"><a style=\"color: #3f96ac;\" href=\"http:\/\/www.leibniz.es\">www.leibniz.es<\/a><\/span>) y directamente en:\u00a0<span style=\"color: #3f96ac;\"><a style=\"color: #3f96ac;\" href=\"https:\/\/leibniz.es\/reuniones-red-jovenes-investigadores\/\">https:\/\/leibniz.es\/reuniones-red-jovenes-investigadores\/<\/a><\/span>, se ir\u00e1 actualizando la informaci\u00f3n sobre los ponentes, t\u00edtulos, fechas, horarios y enlaces de las sesiones.<\/p>\n\n\n<figure class=\"wp-block-image size-large\"><img loading=\"lazy\" width=\"724\" height=\"1024\" src=\"http:\/\/wpd.ugr.es\/~filolab\/wordpress\/wp-content\/uploads\/2025\/11\/Sesion-II-Seminario-Jovenes-leibnizianos_-18-noviembre-1-724x1024.jpg\" alt=\"\" class=\"wp-image-7494\" srcset=\"https:\/\/wpd.ugr.es\/~filolab\/wordpress\/wp-content\/uploads\/2025\/11\/Sesion-II-Seminario-Jovenes-leibnizianos_-18-noviembre-1-724x1024.jpg 724w, https:\/\/wpd.ugr.es\/~filolab\/wordpress\/wp-content\/uploads\/2025\/11\/Sesion-II-Seminario-Jovenes-leibnizianos_-18-noviembre-1-212x300.jpg 212w, https:\/\/wpd.ugr.es\/~filolab\/wordpress\/wp-content\/uploads\/2025\/11\/Sesion-II-Seminario-Jovenes-leibnizianos_-18-noviembre-1-768x1086.jpg 768w, https:\/\/wpd.ugr.es\/~filolab\/wordpress\/wp-content\/uploads\/2025\/11\/Sesion-II-Seminario-Jovenes-leibnizianos_-18-noviembre-1-1086x1536.jpg 1086w, https:\/\/wpd.ugr.es\/~filolab\/wordpress\/wp-content\/uploads\/2025\/11\/Sesion-II-Seminario-Jovenes-leibnizianos_-18-noviembre-1.jpg 1414w\" sizes=\"(max-width: 724px) 100vw, 724px\" \/><\/figure>\n<!-- AddThis Advanced Settings generic via filter on the_content --><!-- AddThis Share Buttons generic via filter on the_content -->","protected":false},"excerpt":{"rendered":"<p>El martes, 18 de noviembre, a las 17h (horario de Espa\u00f1a peninsular), tendr\u00e1 lugar la segunda sesi\u00f3n del curso 2025-26 del Seminario de J\u00f3venes Investigadores Leibniz, organizado por la C\u00e1tedra Leibniz de Filosof\u00eda, que est\u00e1 dirigida por Juan-Antonio Nicol\u00e1s, miembro de FiloLab. La sesi\u00f3n correr\u00e1 a cargo de dos ponentes: Ezequiel Barros (Pontifical Catholic University [&hellip;]<!-- AddThis Advanced Settings generic via filter on get_the_excerpt --><!-- AddThis Share Buttons generic via filter on get_the_excerpt --><\/p>\n","protected":false},"author":1,"featured_media":7490,"comment_status":"open","ping_status":"open","sticky":false,"template":"","format":"standard","meta":[],"categories":[1239,73],"tags":[3402,2144,474,4018,753,4154],"_links":{"self":[{"href":"https:\/\/wpd.ugr.es\/~filolab\/wordpress\/wp-json\/wp\/v2\/posts\/7491"}],"collection":[{"href":"https:\/\/wpd.ugr.es\/~filolab\/wordpress\/wp-json\/wp\/v2\/posts"}],"about":[{"href":"https:\/\/wpd.ugr.es\/~filolab\/wordpress\/wp-json\/wp\/v2\/types\/post"}],"author":[{"embeddable":true,"href":"https:\/\/wpd.ugr.es\/~filolab\/wordpress\/wp-json\/wp\/v2\/users\/1"}],"replies":[{"embeddable":true,"href":"https:\/\/wpd.ugr.es\/~filolab\/wordpress\/wp-json\/wp\/v2\/comments?post=7491"}],"version-history":[{"count":4,"href":"https:\/\/wpd.ugr.es\/~filolab\/wordpress\/wp-json\/wp\/v2\/posts\/7491\/revisions"}],"predecessor-version":[{"id":7615,"href":"https:\/\/wpd.ugr.es\/~filolab\/wordpress\/wp-json\/wp\/v2\/posts\/7491\/revisions\/7615"}],"wp:featuredmedia":[{"embeddable":true,"href":"https:\/\/wpd.ugr.es\/~filolab\/wordpress\/wp-json\/wp\/v2\/media\/7490"}],"wp:attachment":[{"href":"https:\/\/wpd.ugr.es\/~filolab\/wordpress\/wp-json\/wp\/v2\/media?parent=7491"}],"wp:term":[{"taxonomy":"category","embeddable":true,"href":"https:\/\/wpd.ugr.es\/~filolab\/wordpress\/wp-json\/wp\/v2\/categories?post=7491"},{"taxonomy":"post_tag","embeddable":true,"href":"https:\/\/wpd.ugr.es\/~filolab\/wordpress\/wp-json\/wp\/v2\/tags?post=7491"}],"curies":[{"name":"wp","href":"https:\/\/api.w.org\/{rel}","templated":true}]}}