{"id":7498,"date":"2025-11-18T11:50:37","date_gmt":"2025-11-18T10:50:37","guid":{"rendered":"https:\/\/wpd.ugr.es\/~filolab\/wordpress\/?p=7498"},"modified":"2025-11-18T11:50:37","modified_gmt":"2025-11-18T10:50:37","slug":"congreso-de-postgrado-de-la-sefa-2025","status":"publish","type":"post","link":"https:\/\/wpd.ugr.es\/~filolab\/wordpress\/2025\/11\/18\/congreso-de-postgrado-de-la-sefa-2025\/","title":{"rendered":"Congreso de Postgrado de la SEFA 2025"},"content":{"rendered":"<p>Los d\u00edas 27 y 28 de noviembre de 2025 se celebrar\u00e1, en modalidad telepresencial, el Congreso de Postgrado de la Sociedad Espa\u00f1ola de Filosof\u00eda Anal\u00edtica (SEFA).<\/p>\n<p>El encuentro reunir\u00e1 a estudiantes de m\u00e1ster y doctorado, as\u00ed como a j\u00f3venes investigadoras e investigadores que hayan defendido su tesis durante el curso acad\u00e9mico 2024\/2025, para presentar y discutir trabajos en los distintos \u00e1mbitos de la filosof\u00eda anal\u00edtica contempor\u00e1nea.<\/p>\n<p>Cada sesi\u00f3n combinar\u00e1 la exposici\u00f3n de las comunicaciones con comentarios a cargo de especialistas designados por la SEFA y un espacio final de debate abierto.<\/p>\n<p>El Comit\u00e9 Organizador est\u00e1 integrado por M\u00aa Jos\u00e9 Alcaraz (Universidad de Murcia), Sara Gonz\u00e1lez (Universidad de La Laguna), <a href=\"https:\/\/wpd.ugr.es\/~filolab\/wordpress\/quienes-somos-nueva\/investigadores-en-formacion\/sergio-guerra\/\">Sergio Guerra<\/a> (Universidad de Granada y miembro de FiloLab), Natxo Navarro (Universidad de Murcia), Eduardo P\u00e9rez Navarro (Universidad de Santiago de Compostela) y Margarita V\u00e1zquez (Universidad de La Laguna). El Comit\u00e9 Cient\u00edfico incluye, entre otros, a <a href=\"https:\/\/wpd.ugr.es\/~filolab\/wordpress\/quienes-somos-nueva\/investigadores-garantes\/manuel-de-pinedo-garcia\/\">Manuel de Pinedo<\/a> (UGR, miembro de FiloLab) y V\u00edctor Verdejo (UPF).<\/p>\n<p>\ud83d\udd17 M\u00e1s informaci\u00f3n y programa completo en este <a href=\"http:\/\/www.sefaweb.es\/congreso-postgrado-sefa\">enlace<\/a>.<\/p>\n<!-- AddThis Advanced Settings generic via filter on the_content --><!-- AddThis Share Buttons generic via filter on the_content -->","protected":false},"excerpt":{"rendered":"<p>Los d\u00edas 27 y 28 de noviembre de 2025 se celebrar\u00e1, en modalidad telepresencial, el Congreso de Postgrado de la Sociedad Espa\u00f1ola de Filosof\u00eda Anal\u00edtica (SEFA). El encuentro reunir\u00e1 a estudiantes de m\u00e1ster y doctorado, as\u00ed como a j\u00f3venes investigadoras e investigadores que hayan defendido su tesis durante el curso acad\u00e9mico 2024\/2025, para presentar y [&hellip;]<!-- AddThis Advanced Settings generic via filter on get_the_excerpt --><!-- AddThis Share Buttons generic via filter on get_the_excerpt --><\/p>\n","protected":false},"author":1,"featured_media":7499,"comment_status":"open","ping_status":"open","sticky":false,"template":"","format":"standard","meta":[],"categories":[1239,141],"tags":[45,535,2036,4156],"_links":{"self":[{"href":"https:\/\/wpd.ugr.es\/~filolab\/wordpress\/wp-json\/wp\/v2\/posts\/7498"}],"collection":[{"href":"https:\/\/wpd.ugr.es\/~filolab\/wordpress\/wp-json\/wp\/v2\/posts"}],"about":[{"href":"https:\/\/wpd.ugr.es\/~filolab\/wordpress\/wp-json\/wp\/v2\/types\/post"}],"author":[{"embeddable":true,"href":"https:\/\/wpd.ugr.es\/~filolab\/wordpress\/wp-json\/wp\/v2\/users\/1"}],"replies":[{"embeddable":true,"href":"https:\/\/wpd.ugr.es\/~filolab\/wordpress\/wp-json\/wp\/v2\/comments?post=7498"}],"version-history":[{"count":2,"href":"https:\/\/wpd.ugr.es\/~filolab\/wordpress\/wp-json\/wp\/v2\/posts\/7498\/revisions"}],"predecessor-version":[{"id":7501,"href":"https:\/\/wpd.ugr.es\/~filolab\/wordpress\/wp-json\/wp\/v2\/posts\/7498\/revisions\/7501"}],"wp:featuredmedia":[{"embeddable":true,"href":"https:\/\/wpd.ugr.es\/~filolab\/wordpress\/wp-json\/wp\/v2\/media\/7499"}],"wp:attachment":[{"href":"https:\/\/wpd.ugr.es\/~filolab\/wordpress\/wp-json\/wp\/v2\/media?parent=7498"}],"wp:term":[{"taxonomy":"category","embeddable":true,"href":"https:\/\/wpd.ugr.es\/~filolab\/wordpress\/wp-json\/wp\/v2\/categories?post=7498"},{"taxonomy":"post_tag","embeddable":true,"href":"https:\/\/wpd.ugr.es\/~filolab\/wordpress\/wp-json\/wp\/v2\/tags?post=7498"}],"curies":[{"name":"wp","href":"https:\/\/api.w.org\/{rel}","templated":true}]}}