{"id":7524,"date":"2025-11-24T20:40:32","date_gmt":"2025-11-24T19:40:32","guid":{"rendered":"https:\/\/wpd.ugr.es\/~filolab\/wordpress\/?p=7524"},"modified":"2025-11-25T09:49:54","modified_gmt":"2025-11-25T08:49:54","slug":"primer-premio-del-certamen-arquimedes-en-ciencias-sociales-y-humanidades","status":"publish","type":"post","link":"https:\/\/wpd.ugr.es\/~filolab\/wordpress\/2025\/11\/24\/primer-premio-del-certamen-arquimedes-en-ciencias-sociales-y-humanidades\/","title":{"rendered":"Primer Premio del Certamen Arqu\u00edmedes en Ciencias Sociales y Humanidades"},"content":{"rendered":"<p>Nuestra compa\u00f1era Luc\u00eda Garz\u00f3n, graduada en Filosof\u00eda por la Universidad de Granada, ha obtenido el Primer Premio del Certamen Arqu\u00edmedes 2024 en el \u00e1rea de Ciencias Sociales y Humanidades. El galard\u00f3n reconoce la calidad y originalidad de su trabajo \u00abAgencia y deseo en la representaci\u00f3n conceptual del consentimiento\u00bb, desarrollado bajo la supervisi\u00f3n de<span style=\"color: #3f96ac;\"> <a style=\"color: #3f96ac;\" href=\"https:\/\/wpd.ugr.es\/~filolab\/wordpress\/quienes-somos-nueva\/investigadores-garantes\/ivar-rodriguez-hannikainen\/\">Ivar Rodr\u00edguez Hannikainen<\/a><\/span> y Jorge Su\u00e1rez, investigadores de FiloLab.<\/p>\n<p>El trabajo premiado, al que se puede acceder a trav\u00e9s de <span style=\"color: #3f96ac;\"><a style=\"color: #3f96ac;\" href=\"https:\/\/www.sciencedirect.com\/science\/article\/pii\/S0010027725001301\">este enlace<\/a><\/span>, ha sido recientemente publicado en la revista <span style=\"color: #3f96ac;\"><em><a style=\"color: #3f96ac;\" href=\"https:\/\/www.sciencedirect.com\/journal\/cognition\">Cognition<\/a><\/em><\/span>, una de las publicaciones internacionales de mayor prestigio en ciencias cognitivas.<\/p>\n<p><img loading=\"lazy\" class=\"alignleft  wp-image-7536\" src=\"http:\/\/wpd.ugr.es\/~filolab\/wordpress\/wp-content\/uploads\/2025\/11\/Consent-300x182.png\" alt=\"\" width=\"380\" height=\"230\" srcset=\"https:\/\/wpd.ugr.es\/~filolab\/wordpress\/wp-content\/uploads\/2025\/11\/Consent-300x182.png 300w, https:\/\/wpd.ugr.es\/~filolab\/wordpress\/wp-content\/uploads\/2025\/11\/Consent.png 685w\" sizes=\"(max-width: 380px) 100vw, 380px\" \/><\/p>\n<p><strong>Un estudio pionero sobre c\u00f3mo entendemos el consentimiento<\/strong><\/p>\n<p>El avance normativo y jur\u00eddico en torno a los derechos humanos ha situado el consentimiento aut\u00f3nomo en el centro de debates \u00e9ticos esenciales. Desde la atenci\u00f3n m\u00e9dica hasta la gesti\u00f3n de datos o las relaciones sexuales, saber qu\u00e9 significa exactamente \u00abconsentir\u00bb no es solo una cuesti\u00f3n jur\u00eddica, sino cognitiva y social. El trabajo de Luc\u00eda Garz\u00f3n aborda una pregunta fundamental: \u00bfqu\u00e9 informaci\u00f3n interpretan las personas cuando alguien expresa consentimiento?<\/p>\n<p>Mediante una serie de estudios experimentales (N = 1233) combinados con t\u00e9cnicas de ling\u00fc\u00edstica computacional, la investigaci\u00f3n identifica dos rasgos clave en la representaci\u00f3n conceptual del consentimiento por parte de personas legas:<\/p>\n<ol>\n<li>Consistencia con el rol de paciente: las expresiones de consentimiento suelen ser interpretadas como propias de quien ocupa el papel de paciente en una interacci\u00f3n di\u00e1dica.<\/li>\n<li>Vinculaci\u00f3n al deseo instrumental: el consentimiento se asocia a menudo al hecho de que la persona consiente como medio para un fin ulterior, como puede ocurrir en el contexto m\u00e9dico.<\/li>\n<\/ol>\n<p>El hallazgo m\u00e1s relevante procede del estudio final: en el \u00e1mbito sexual, las personas rechazan normativamente el deseo instrumental como base del consentimiento. Esta diferencia entre la comprensi\u00f3n t\u00e1cita del consentimiento y los est\u00e1ndares normativos ilumina una preocupaci\u00f3n se\u00f1alada por te\u00f3ricas feministas: el \u00e9nfasis en \u00abhaber dado consentimiento\u00bb puede invisibilizar din\u00e1micas de g\u00e9nero en interacciones que son consentidas pero no deseadas.<\/p>\n<p><strong>Reconocimiento al trabajo formativo y a la investigaci\u00f3n colaborativa<\/strong><\/p>\n<p>El premio destaca la excelencia formativa del Grado en Filosof\u00eda de la UGR y la relevancia del trabajo de acompa\u00f1amiento realizado por el personal docente e investigador de FiloLab. Tanto Ivar Rodr\u00edguez Hannikainen como Jorge Su\u00e1rez, supervisores del proyecto, forman parte de las l\u00edneas de investigaci\u00f3n de FiloLab dedicadas a la aplicaci\u00f3n de m\u00e9todos experimentales a la filosof\u00eda moral y la cognici\u00f3n social vinculada a la interpretaci\u00f3n de las normas.<\/p>\n<p>Este reconocimiento refuerza la proyecci\u00f3n internacional de la Universidad de Granada y de FiloLab como espacio de formaci\u00f3n avanzada y de investigaci\u00f3n puntera en filosof\u00eda aplicada, ciencias cognitivas y estudios interdisciplinarios sobre normatividad.<\/p>\n\n\n<figure class=\"wp-block-image size-large\"><img loading=\"lazy\" width=\"1024\" height=\"768\" src=\"http:\/\/wpd.ugr.es\/~filolab\/wordpress\/wp-content\/uploads\/2025\/11\/LuciaPremioArquimedes-1-1-1024x768.jpg\" alt=\"\" class=\"wp-image-7525\" srcset=\"https:\/\/wpd.ugr.es\/~filolab\/wordpress\/wp-content\/uploads\/2025\/11\/LuciaPremioArquimedes-1-1-1024x768.jpg 1024w, https:\/\/wpd.ugr.es\/~filolab\/wordpress\/wp-content\/uploads\/2025\/11\/LuciaPremioArquimedes-1-1-300x225.jpg 300w, https:\/\/wpd.ugr.es\/~filolab\/wordpress\/wp-content\/uploads\/2025\/11\/LuciaPremioArquimedes-1-1-768x576.jpg 768w, https:\/\/wpd.ugr.es\/~filolab\/wordpress\/wp-content\/uploads\/2025\/11\/LuciaPremioArquimedes-1-1-1536x1152.jpg 1536w, https:\/\/wpd.ugr.es\/~filolab\/wordpress\/wp-content\/uploads\/2025\/11\/LuciaPremioArquimedes-1-1.jpg 2048w\" sizes=\"(max-width: 1024px) 100vw, 1024px\" \/><\/figure>\n<!-- AddThis Advanced Settings generic via filter on the_content --><!-- AddThis Share Buttons generic via filter on the_content -->","protected":false},"excerpt":{"rendered":"<p>Nuestra compa\u00f1era Luc\u00eda Garz\u00f3n, graduada en Filosof\u00eda por la Universidad de Granada, ha obtenido el Primer Premio del Certamen Arqu\u00edmedes 2024 en el \u00e1rea de Ciencias Sociales y Humanidades. El galard\u00f3n reconoce la calidad y originalidad de su trabajo \u00abAgencia y deseo en la representaci\u00f3n conceptual del consentimiento\u00bb, desarrollado bajo la supervisi\u00f3n de Ivar Rodr\u00edguez [&hellip;]<!-- AddThis Advanced Settings generic via filter on get_the_excerpt --><!-- AddThis Share Buttons generic via filter on get_the_excerpt --><\/p>\n","protected":false},"author":1,"featured_media":7525,"comment_status":"open","ping_status":"open","sticky":false,"template":"","format":"standard","meta":[],"categories":[650],"tags":[437,545,2042,915,57,3408,4170,4172],"_links":{"self":[{"href":"https:\/\/wpd.ugr.es\/~filolab\/wordpress\/wp-json\/wp\/v2\/posts\/7524"}],"collection":[{"href":"https:\/\/wpd.ugr.es\/~filolab\/wordpress\/wp-json\/wp\/v2\/posts"}],"about":[{"href":"https:\/\/wpd.ugr.es\/~filolab\/wordpress\/wp-json\/wp\/v2\/types\/post"}],"author":[{"embeddable":true,"href":"https:\/\/wpd.ugr.es\/~filolab\/wordpress\/wp-json\/wp\/v2\/users\/1"}],"replies":[{"embeddable":true,"href":"https:\/\/wpd.ugr.es\/~filolab\/wordpress\/wp-json\/wp\/v2\/comments?post=7524"}],"version-history":[{"count":8,"href":"https:\/\/wpd.ugr.es\/~filolab\/wordpress\/wp-json\/wp\/v2\/posts\/7524\/revisions"}],"predecessor-version":[{"id":7539,"href":"https:\/\/wpd.ugr.es\/~filolab\/wordpress\/wp-json\/wp\/v2\/posts\/7524\/revisions\/7539"}],"wp:featuredmedia":[{"embeddable":true,"href":"https:\/\/wpd.ugr.es\/~filolab\/wordpress\/wp-json\/wp\/v2\/media\/7525"}],"wp:attachment":[{"href":"https:\/\/wpd.ugr.es\/~filolab\/wordpress\/wp-json\/wp\/v2\/media?parent=7524"}],"wp:term":[{"taxonomy":"category","embeddable":true,"href":"https:\/\/wpd.ugr.es\/~filolab\/wordpress\/wp-json\/wp\/v2\/categories?post=7524"},{"taxonomy":"post_tag","embeddable":true,"href":"https:\/\/wpd.ugr.es\/~filolab\/wordpress\/wp-json\/wp\/v2\/tags?post=7524"}],"curies":[{"name":"wp","href":"https:\/\/api.w.org\/{rel}","templated":true}]}}