{"id":7541,"date":"2025-11-25T12:36:47","date_gmt":"2025-11-25T11:36:47","guid":{"rendered":"https:\/\/wpd.ugr.es\/~filolab\/wordpress\/?p=7541"},"modified":"2025-11-25T12:51:39","modified_gmt":"2025-11-25T11:51:39","slug":"filolab-participa-en-un-nuevo-proyecto-estatal-sobre-inteligencia-artificial-encarnada-y-sustitucion-sensorial","status":"publish","type":"post","link":"https:\/\/wpd.ugr.es\/~filolab\/wordpress\/2025\/11\/25\/filolab-participa-en-un-nuevo-proyecto-estatal-sobre-inteligencia-artificial-encarnada-y-sustitucion-sensorial\/","title":{"rendered":"FiloLab participa en un nuevo proyecto estatal sobre inteligencia artificial encarnada y sustituci\u00f3n sensorial"},"content":{"rendered":"<p>Nuestros compa\u00f1eros <span style=\"color: #3f96ac;\"><a style=\"color: #3f96ac;\" href=\"https:\/\/wpd.ugr.es\/~filolab\/wordpress\/quienes-somos-nueva\/investigadores-garantes\/manuel-heras-escribano\/\">Manuel Heras Escribano<\/a><\/span> y <span style=\"color: #3f96ac;\"><a style=\"color: #3f96ac;\" href=\"https:\/\/wpd.ugr.es\/~filolab\/wordpress\/quienes-somos-nueva\/investigadores-garantes\/manuel-de-pinedo-garcia\/\">Manuel de Pinedo<\/a><\/span>, miembros de FiloLab, forman parte de un proyecto de investigaci\u00f3n interdisciplinar que, en resoluci\u00f3n provisional del 17 de noviembre, ha resultado beneficiario dentro de la convocatoria Proyectos en el \u00c1mbito de la Inteligencia Artificial, convocatoria 2025, de la Agencia Estatal de Investigaci\u00f3n. El proyecto, que se titula \u00abHacia una inteligencia artificial encarnada a trav\u00e9s de la sustituci\u00f3n sensorial\u00bb (AIA2025-164319-C32), tiene una financiaci\u00f3n presupuestada de 1,8 millones de euros, est\u00e1 coordinado por David Travieso en la Universidad Aut\u00f3noma de Madrid y se desarrollar\u00e1 entre diciembre de 2025 y noviembre de 2029.<\/p>\n<p>El proyecto re\u00fane a especialistas de distintas disciplinas, incluyendo a cient\u00edficos cognitivos, psic\u00f3logos, ingenieros y fil\u00f3sofos, con el objetivo de ofrecer un marco te\u00f3rico y emp\u00edrico de lo que han llamado inteligencia artificial corporizada. Tomando como base los principios de la cognici\u00f3n corporizada y el uso de tecnolog\u00edas de sustituci\u00f3n sensorial, se busca explorar c\u00f3mo los sistemas artificiales pueden adquirir capacidades cognitivas de percepci\u00f3n-acci\u00f3n sobre la base de experimentaci\u00f3n con dispositivos de sustituci\u00f3n sensorial.<\/p>\n<p>En este contexto, Heras Escribano y de Pinedo aportar\u00e1n su experiencia en filosof\u00eda de la mente y ciencia cognitiva, realizando reflexiones filos\u00f3ficas informadas emp\u00edricamente desde la misma experimentaci\u00f3n generada por el proyecto y que conecten los desarrollos tecnol\u00f3gicos en sustituci\u00f3n sensorial e inteligencia artificial con cuestiones fundamentales sobre la naturaleza de la inteligencia, la percepci\u00f3n y la acci\u00f3n. Su participaci\u00f3n refuerza la vertiente interdisciplinar del proyecto, combinando rigor filos\u00f3fico con investigaci\u00f3n experimental aplicada a sistemas de inteligencia artificial.<\/p>\n<p><strong>Sobre la convocatoria<\/strong><\/p>\n<p>Seg\u00fan la Propuesta de Resoluci\u00f3n Provisional, publicada por la AEI el 17 de noviembre de 2025, la convocatoria ha reconocido:\u00a069 proyectos, con una financiaci\u00f3n total de 30,9 millones de euros;\u00a0un claro liderazgo de las universidades (65% de las ayudas), seguidas del CSIC (16%);\u00a0un reparto territorial concentrado en Madrid y Catalu\u00f1a (23% cada una), seguidas de la Comunidad Valenciana (14%);\u00a0\u00e1reas tem\u00e1ticas prioritarias como la IA en sistemas f\u00edsicos, la IA e impacto ambiental y los desaf\u00edos te\u00f3ricos y t\u00e9cnicos de la IA.<\/p>\n<p>Con esta iniciativa, la AEI busca fortalecer las capacidades de investigaci\u00f3n en IA en Espa\u00f1a y promover la colaboraci\u00f3n interdisciplinar, la internacionalizaci\u00f3n y la transferencia de conocimiento hacia soluciones tecnol\u00f3gicas orientadas al bienestar social.<\/p>\n<p>En FiloLab celebramos la incorporaci\u00f3n de este proyecto, que consolida nuestra participaci\u00f3n en iniciativas estatales punteras sobre filosof\u00eda, cognici\u00f3n e inteligencia artificial.<\/p>\n\n\n<figure class=\"wp-block-image size-full\"><img loading=\"lazy\" width=\"1000\" height=\"645\" src=\"http:\/\/wpd.ugr.es\/~filolab\/wordpress\/wp-content\/uploads\/2025\/11\/ia-ayuda.jpg\" alt=\"\" class=\"wp-image-7543\" srcset=\"https:\/\/wpd.ugr.es\/~filolab\/wordpress\/wp-content\/uploads\/2025\/11\/ia-ayuda.jpg 1000w, https:\/\/wpd.ugr.es\/~filolab\/wordpress\/wp-content\/uploads\/2025\/11\/ia-ayuda-300x194.jpg 300w, https:\/\/wpd.ugr.es\/~filolab\/wordpress\/wp-content\/uploads\/2025\/11\/ia-ayuda-768x495.jpg 768w\" sizes=\"(max-width: 1000px) 100vw, 1000px\" \/><\/figure>\n<!-- AddThis Advanced Settings generic via filter on the_content --><!-- AddThis Share Buttons generic via filter on the_content -->","protected":false},"excerpt":{"rendered":"<p>Nuestros compa\u00f1eros Manuel Heras Escribano y Manuel de Pinedo, miembros de FiloLab, forman parte de un proyecto de investigaci\u00f3n interdisciplinar que, en resoluci\u00f3n provisional del 17 de noviembre, ha resultado beneficiario dentro de la convocatoria Proyectos en el \u00c1mbito de la Inteligencia Artificial, convocatoria 2025, de la Agencia Estatal de Investigaci\u00f3n. El proyecto, que se [&hellip;]<!-- AddThis Advanced Settings generic via filter on get_the_excerpt --><!-- AddThis Share Buttons generic via filter on get_the_excerpt --><\/p>\n","protected":false},"author":1,"featured_media":7543,"comment_status":"open","ping_status":"open","sticky":false,"template":"","format":"standard","meta":[],"categories":[16,2218],"tags":[2813,4176,523,4174,4182,4186,4180,4184,4178,210],"_links":{"self":[{"href":"https:\/\/wpd.ugr.es\/~filolab\/wordpress\/wp-json\/wp\/v2\/posts\/7541"}],"collection":[{"href":"https:\/\/wpd.ugr.es\/~filolab\/wordpress\/wp-json\/wp\/v2\/posts"}],"about":[{"href":"https:\/\/wpd.ugr.es\/~filolab\/wordpress\/wp-json\/wp\/v2\/types\/post"}],"author":[{"embeddable":true,"href":"https:\/\/wpd.ugr.es\/~filolab\/wordpress\/wp-json\/wp\/v2\/users\/1"}],"replies":[{"embeddable":true,"href":"https:\/\/wpd.ugr.es\/~filolab\/wordpress\/wp-json\/wp\/v2\/comments?post=7541"}],"version-history":[{"count":6,"href":"https:\/\/wpd.ugr.es\/~filolab\/wordpress\/wp-json\/wp\/v2\/posts\/7541\/revisions"}],"predecessor-version":[{"id":7552,"href":"https:\/\/wpd.ugr.es\/~filolab\/wordpress\/wp-json\/wp\/v2\/posts\/7541\/revisions\/7552"}],"wp:featuredmedia":[{"embeddable":true,"href":"https:\/\/wpd.ugr.es\/~filolab\/wordpress\/wp-json\/wp\/v2\/media\/7543"}],"wp:attachment":[{"href":"https:\/\/wpd.ugr.es\/~filolab\/wordpress\/wp-json\/wp\/v2\/media?parent=7541"}],"wp:term":[{"taxonomy":"category","embeddable":true,"href":"https:\/\/wpd.ugr.es\/~filolab\/wordpress\/wp-json\/wp\/v2\/categories?post=7541"},{"taxonomy":"post_tag","embeddable":true,"href":"https:\/\/wpd.ugr.es\/~filolab\/wordpress\/wp-json\/wp\/v2\/tags?post=7541"}],"curies":[{"name":"wp","href":"https:\/\/api.w.org\/{rel}","templated":true}]}}