{"id":7553,"date":"2025-11-27T10:41:12","date_gmt":"2025-11-27T09:41:12","guid":{"rendered":"https:\/\/wpd.ugr.es\/~filolab\/wordpress\/?p=7553"},"modified":"2025-11-27T11:36:26","modified_gmt":"2025-11-27T10:36:26","slug":"seminario-permanente-leibniz-3a-sesion-sensacion-sensibilidad-y-sentimiento-el-estatuto-del-sentir-en-leibniz","status":"publish","type":"post","link":"https:\/\/wpd.ugr.es\/~filolab\/wordpress\/2025\/11\/27\/seminario-permanente-leibniz-3a-sesion-sensacion-sensibilidad-y-sentimiento-el-estatuto-del-sentir-en-leibniz\/","title":{"rendered":"Seminario Permanente Leibniz. 3\u00aa Sesi\u00f3n: \u00abSensaci\u00f3n, sensibilidad y sentimiento: el estatuto del sentir en Leibniz\u00bb"},"content":{"rendered":"<p>El jueves, 4 de diciembre, a las 17 h (horario de Espa\u00f1a peninsular), tendr\u00e1 lugar la segunda sesi\u00f3n del Seminario Internacional Leibniz, organizado por\u00a0<span style=\"color: #3f96ac;\"><a style=\"color: #3f96ac;\" href=\"https:\/\/leibniz.es\/\">C\u00e1tedra Leibniz de Filosof\u00eda<\/a><\/span>, que est\u00e1 dirigida por\u00a0<span style=\"color: #3f96ac;\"><a style=\"color: #3f96ac;\" href=\"https:\/\/wpd.ugr.es\/~filolab\/wordpress\/quienes-somos-nueva\/investigadores-garantes\/juan-antonio-nicolas\/\">Juan-Antonio Nicol\u00e1s<\/a><\/span>, miembro de FiloLab.<\/p>\n<p>La sesi\u00f3n correr\u00e1 a cargo de Sof\u00eda Ara\u00fajo (Universidade Nova de Lisboa, Portugal), y lleva por t\u00edtulo: \u00abSensaci\u00f3n, sensibilidad y sentimiento: el estatuto del sentir en Leibniz\u00bb. Se puede acceder online a la sesi\u00f3n a trav\u00e9s de <span style=\"color: #3f96ac;\"><a style=\"color: #3f96ac;\" href=\"https:\/\/meet.google.com\/dpu-zzri-qrc\">este enlace<\/a><\/span>.<\/p>\n<p>En la p\u00e1gina web de la C\u00e1tedra (<span style=\"color: #3f96ac;\"><a style=\"color: #3f96ac;\" href=\"http:\/\/www.leibniz.es\/\">www.leibniz.es<\/a><\/span>) y directamente en:\u00a0<span style=\"color: #3f96ac;\"><a style=\"color: #3f96ac;\" href=\"http:\/\/leibniz.es\/reuniones-seminario-permanente-leibniz\">http:\/\/leibniz.es\/reuniones-seminario-permanente-leibniz<\/a><\/span>, se ir\u00e1 actualizando la informaci\u00f3n sobre los ponentes, t\u00edtulos, fechas, horarios y enlaces de todas las sesiones de este curso.<\/p>\n\n\n<figure class=\"wp-block-image size-large\"><img loading=\"lazy\" width=\"724\" height=\"1024\" src=\"https:\/\/wpd.ugr.es\/~filolab\/wordpress\/wp-content\/uploads\/2025\/11\/Sesion-III-Seminario-Internacional-Leibniz_-Sofia-Araujo-724x1024.jpg\" alt=\"\" class=\"wp-image-7557\" srcset=\"https:\/\/wpd.ugr.es\/~filolab\/wordpress\/wp-content\/uploads\/2025\/11\/Sesion-III-Seminario-Internacional-Leibniz_-Sofia-Araujo-724x1024.jpg 724w, https:\/\/wpd.ugr.es\/~filolab\/wordpress\/wp-content\/uploads\/2025\/11\/Sesion-III-Seminario-Internacional-Leibniz_-Sofia-Araujo-212x300.jpg 212w, https:\/\/wpd.ugr.es\/~filolab\/wordpress\/wp-content\/uploads\/2025\/11\/Sesion-III-Seminario-Internacional-Leibniz_-Sofia-Araujo-768x1086.jpg 768w, https:\/\/wpd.ugr.es\/~filolab\/wordpress\/wp-content\/uploads\/2025\/11\/Sesion-III-Seminario-Internacional-Leibniz_-Sofia-Araujo-1086x1536.jpg 1086w, https:\/\/wpd.ugr.es\/~filolab\/wordpress\/wp-content\/uploads\/2025\/11\/Sesion-III-Seminario-Internacional-Leibniz_-Sofia-Araujo.jpg 1241w\" sizes=\"(max-width: 724px) 100vw, 724px\" \/><\/figure>\n<!-- AddThis Advanced Settings generic via filter on the_content --><!-- AddThis Share Buttons generic via filter on the_content -->","protected":false},"excerpt":{"rendered":"<p>El jueves, 4 de diciembre, a las 17 h (horario de Espa\u00f1a peninsular), tendr\u00e1 lugar la segunda sesi\u00f3n del Seminario Internacional Leibniz, organizado por\u00a0C\u00e1tedra Leibniz de Filosof\u00eda, que est\u00e1 dirigida por\u00a0Juan-Antonio Nicol\u00e1s, miembro de FiloLab. La sesi\u00f3n correr\u00e1 a cargo de Sof\u00eda Ara\u00fajo (Universidade Nova de Lisboa, Portugal), y lleva por t\u00edtulo: \u00abSensaci\u00f3n, sensibilidad y [&hellip;]<!-- AddThis Advanced Settings generic via filter on get_the_excerpt --><!-- AddThis Share Buttons generic via filter on get_the_excerpt --><\/p>\n","protected":false},"author":1,"featured_media":7554,"comment_status":"open","ping_status":"open","sticky":false,"template":"","format":"standard","meta":[],"categories":[73],"tags":[2144,474,753,4194,4196,4188,4190,4192],"_links":{"self":[{"href":"https:\/\/wpd.ugr.es\/~filolab\/wordpress\/wp-json\/wp\/v2\/posts\/7553"}],"collection":[{"href":"https:\/\/wpd.ugr.es\/~filolab\/wordpress\/wp-json\/wp\/v2\/posts"}],"about":[{"href":"https:\/\/wpd.ugr.es\/~filolab\/wordpress\/wp-json\/wp\/v2\/types\/post"}],"author":[{"embeddable":true,"href":"https:\/\/wpd.ugr.es\/~filolab\/wordpress\/wp-json\/wp\/v2\/users\/1"}],"replies":[{"embeddable":true,"href":"https:\/\/wpd.ugr.es\/~filolab\/wordpress\/wp-json\/wp\/v2\/comments?post=7553"}],"version-history":[{"count":3,"href":"https:\/\/wpd.ugr.es\/~filolab\/wordpress\/wp-json\/wp\/v2\/posts\/7553\/revisions"}],"predecessor-version":[{"id":7560,"href":"https:\/\/wpd.ugr.es\/~filolab\/wordpress\/wp-json\/wp\/v2\/posts\/7553\/revisions\/7560"}],"wp:featuredmedia":[{"embeddable":true,"href":"https:\/\/wpd.ugr.es\/~filolab\/wordpress\/wp-json\/wp\/v2\/media\/7554"}],"wp:attachment":[{"href":"https:\/\/wpd.ugr.es\/~filolab\/wordpress\/wp-json\/wp\/v2\/media?parent=7553"}],"wp:term":[{"taxonomy":"category","embeddable":true,"href":"https:\/\/wpd.ugr.es\/~filolab\/wordpress\/wp-json\/wp\/v2\/categories?post=7553"},{"taxonomy":"post_tag","embeddable":true,"href":"https:\/\/wpd.ugr.es\/~filolab\/wordpress\/wp-json\/wp\/v2\/tags?post=7553"}],"curies":[{"name":"wp","href":"https:\/\/api.w.org\/{rel}","templated":true}]}}