{"id":7606,"date":"2025-12-12T09:39:38","date_gmt":"2025-12-12T08:39:38","guid":{"rendered":"https:\/\/wpd.ugr.es\/~filolab\/wordpress\/?p=7606"},"modified":"2025-12-12T09:52:44","modified_gmt":"2025-12-12T08:52:44","slug":"homenaje-a-tomas-guillen-vera-xx-jornadas-leibniz-ugr","status":"publish","type":"post","link":"https:\/\/wpd.ugr.es\/~filolab\/wordpress\/2025\/12\/12\/homenaje-a-tomas-guillen-vera-xx-jornadas-leibniz-ugr\/","title":{"rendered":"Homenaje a Tom\u00e1s Guill\u00e9n Vera &#8211; XX Jornadas Leibniz UGR"},"content":{"rendered":"<p>La <a href=\"https:\/\/leibniz.es\/\"><span style=\"color: #3f96ac;\">C\u00e1tedra Leibniz de Filosof\u00eda<\/span><\/a> de la Universidad de Granada celebrar\u00e1 el pr\u00f3ximo 15 de diciembre, en formato online, las XX Jornadas Leibniz UGR, dirigidas por el profesor <span style=\"color: #3f96ac;\"><a style=\"color: #3f96ac;\" href=\"https:\/\/wpd.ugr.es\/~filolab\/wordpress\/quienes-somos-nueva\/investigadores-garantes\/juan-antonio-nicolas\/\">Juan-Antonio Nicol\u00e1s<\/a><\/span>, miembro de FiloLab. Esta edici\u00f3n tendr\u00e1 un car\u00e1cter especialmente significativo, pues estar\u00e1 dedicada a rendir homenaje a Tom\u00e1s Guill\u00e9n Vera, uno de los m\u00e1s destacados especialistas internacionales en la obra de Leibniz, distinguido colaborador en el Proyecto Leibniz en espa\u00f1ol y miembro de la Red Iberoamericana Leibniz, fallecido el pasado 26 de agosto.<\/p>\n<p>Durante la sesi\u00f3n se combinar\u00e1n intervenciones acad\u00e9micas con un espacio de recuerdo y reconocimiento a la trayectoria intelectual y humana de Guill\u00e9n Vera. El orden del d\u00eda y el cartel conmemorativo van adjuntos a esta entrada.<\/p>\n<p><strong>Un referente internacional del leibnizianismo<\/strong><br \/>Tom\u00e1s Guill\u00e9n Vera (1951\u20132025) consagr\u00f3 su vida al estudio del pensamiento moderno y, en particular, a la obra de Gottfried Wilhelm Leibniz. Su labor investigadora situ\u00f3 su nombre entre los principales referentes del leibnizianismo contempor\u00e1neo. Entre sus publicaciones m\u00e1s influyentes destacan: <em>Leibniz, lector de Locke<\/em> (1987), \u00abLa pol\u00e9mica sobre lo innato en el libro I de los &#8216;Nuevos ensayos'\u00bb (1991), \u00abBases filos\u00f3ficas para la \u00e9tica y la pol\u00edtica en Leibniz\u00bb (1995) o la edici\u00f3n cr\u00edtica de los <em>Ensayos de teodicea<\/em> de Leibniz para la Editorial Comares (2015).<\/p>\n<p>En el momento de su fallecimiento trabajaba desde hac\u00eda m\u00e1s de una d\u00e9cada en la edici\u00f3n y estudio de textos de Leibniz a\u00fan no traducidos al espa\u00f1ol, una tarea que requer\u00eda un dominio excepcional de las lenguas en las que el fil\u00f3sofo alem\u00e1n escribi\u00f3 \u2014lat\u00edn, franc\u00e9s y alem\u00e1n\u2014 y una capacidad \u00fanica para orientarse dentro de un corpus inmenso, disperso y multidisciplinar.<\/p>\n<p><strong>Un maestro que dej\u00f3 huella<\/strong><br \/>Adem\u00e1s de su reconocida labor investigadora, Guill\u00e9n Vera fue, ante todo, un educador. Ense\u00f1\u00f3 filosof\u00eda en la educaci\u00f3n secundaria y ejerci\u00f3 como catedr\u00e1tico de instituto en Valladolid, donde form\u00f3 a generaciones de estudiantes gracias a un enfoque pedag\u00f3gico innovador: alej\u00e1ndose de los manuales, elaboraba materiales propios que proporcionaban a su alumnado una formaci\u00f3n rigurosa y cr\u00edtica desde etapas tempranas.<\/p>\n<p>Su compromiso con la renovaci\u00f3n educativa se reflej\u00f3 tambi\u00e9n en su participaci\u00f3n en el grupo Espiral, y su inter\u00e9s filos\u00f3fico se extendi\u00f3 a la interpretaci\u00f3n contempor\u00e1nea de autores como Spinoza, Descartes y Maquiavelo.<\/p>\n<p>Nacido en Calatayud, nunca perdi\u00f3 el v\u00ednculo con su ciudad natal, desde la que inici\u00f3 un camino intelectual vasto y singular.<\/p>\n<p>Las XX Jornadas Leibniz UGR ofrecer\u00e1n un espacio para reconocer esta trayectoria excepcional y para seguir explorando los temas que marcaron la obra de Tom\u00e1s Guill\u00e9n Vera. Desde FiloLab invitamos a la comunidad universitaria y al p\u00fablico interesado a acompa\u00f1arnos en este homenaje.<\/p>\n\n\n<figure class=\"wp-block-image size-large\"><img loading=\"lazy\" width=\"724\" height=\"1024\" src=\"https:\/\/wpd.ugr.es\/~filolab\/wordpress\/wp-content\/uploads\/2025\/12\/Cartel-Homenaje_-Tomas-Guillen-15-diciembre-25_page-0001-1-724x1024.jpg\" alt=\"\" class=\"wp-image-7610\" srcset=\"https:\/\/wpd.ugr.es\/~filolab\/wordpress\/wp-content\/uploads\/2025\/12\/Cartel-Homenaje_-Tomas-Guillen-15-diciembre-25_page-0001-1-724x1024.jpg 724w, https:\/\/wpd.ugr.es\/~filolab\/wordpress\/wp-content\/uploads\/2025\/12\/Cartel-Homenaje_-Tomas-Guillen-15-diciembre-25_page-0001-1-212x300.jpg 212w, https:\/\/wpd.ugr.es\/~filolab\/wordpress\/wp-content\/uploads\/2025\/12\/Cartel-Homenaje_-Tomas-Guillen-15-diciembre-25_page-0001-1-768x1086.jpg 768w, https:\/\/wpd.ugr.es\/~filolab\/wordpress\/wp-content\/uploads\/2025\/12\/Cartel-Homenaje_-Tomas-Guillen-15-diciembre-25_page-0001-1-1086x1536.jpg 1086w, https:\/\/wpd.ugr.es\/~filolab\/wordpress\/wp-content\/uploads\/2025\/12\/Cartel-Homenaje_-Tomas-Guillen-15-diciembre-25_page-0001-1.jpg 1241w\" sizes=\"(max-width: 724px) 100vw, 724px\" \/><\/figure>\n\n\n\n<figure class=\"wp-block-image size-large\"><img loading=\"lazy\" width=\"724\" height=\"1024\" src=\"https:\/\/wpd.ugr.es\/~filolab\/wordpress\/wp-content\/uploads\/2025\/12\/Orden-del-dia-Homenaje_page-0001-1-724x1024.jpg\" alt=\"\" class=\"wp-image-7611\" srcset=\"https:\/\/wpd.ugr.es\/~filolab\/wordpress\/wp-content\/uploads\/2025\/12\/Orden-del-dia-Homenaje_page-0001-1-724x1024.jpg 724w, https:\/\/wpd.ugr.es\/~filolab\/wordpress\/wp-content\/uploads\/2025\/12\/Orden-del-dia-Homenaje_page-0001-1-212x300.jpg 212w, https:\/\/wpd.ugr.es\/~filolab\/wordpress\/wp-content\/uploads\/2025\/12\/Orden-del-dia-Homenaje_page-0001-1-768x1086.jpg 768w, https:\/\/wpd.ugr.es\/~filolab\/wordpress\/wp-content\/uploads\/2025\/12\/Orden-del-dia-Homenaje_page-0001-1-1086x1536.jpg 1086w, https:\/\/wpd.ugr.es\/~filolab\/wordpress\/wp-content\/uploads\/2025\/12\/Orden-del-dia-Homenaje_page-0001-1.jpg 1241w\" sizes=\"(max-width: 724px) 100vw, 724px\" \/><\/figure>\n<!-- AddThis Advanced Settings generic via filter on the_content --><!-- AddThis Share Buttons generic via filter on the_content -->","protected":false},"excerpt":{"rendered":"<p>La C\u00e1tedra Leibniz de Filosof\u00eda de la Universidad de Granada celebrar\u00e1 el pr\u00f3ximo 15 de diciembre, en formato online, las XX Jornadas Leibniz UGR, dirigidas por el profesor Juan-Antonio Nicol\u00e1s, miembro de FiloLab. Esta edici\u00f3n tendr\u00e1 un car\u00e1cter especialmente significativo, pues estar\u00e1 dedicada a rendir homenaje a Tom\u00e1s Guill\u00e9n Vera, uno de los m\u00e1s destacados [&hellip;]<!-- AddThis Advanced Settings generic via filter on get_the_excerpt --><!-- AddThis Share Buttons generic via filter on get_the_excerpt --><\/p>\n","protected":false},"author":1,"featured_media":7607,"comment_status":"open","ping_status":"open","sticky":false,"template":"","format":"standard","meta":[],"categories":[1239,141,1162],"tags":[4214,2402,753],"_links":{"self":[{"href":"https:\/\/wpd.ugr.es\/~filolab\/wordpress\/wp-json\/wp\/v2\/posts\/7606"}],"collection":[{"href":"https:\/\/wpd.ugr.es\/~filolab\/wordpress\/wp-json\/wp\/v2\/posts"}],"about":[{"href":"https:\/\/wpd.ugr.es\/~filolab\/wordpress\/wp-json\/wp\/v2\/types\/post"}],"author":[{"embeddable":true,"href":"https:\/\/wpd.ugr.es\/~filolab\/wordpress\/wp-json\/wp\/v2\/users\/1"}],"replies":[{"embeddable":true,"href":"https:\/\/wpd.ugr.es\/~filolab\/wordpress\/wp-json\/wp\/v2\/comments?post=7606"}],"version-history":[{"count":3,"href":"https:\/\/wpd.ugr.es\/~filolab\/wordpress\/wp-json\/wp\/v2\/posts\/7606\/revisions"}],"predecessor-version":[{"id":7613,"href":"https:\/\/wpd.ugr.es\/~filolab\/wordpress\/wp-json\/wp\/v2\/posts\/7606\/revisions\/7613"}],"wp:featuredmedia":[{"embeddable":true,"href":"https:\/\/wpd.ugr.es\/~filolab\/wordpress\/wp-json\/wp\/v2\/media\/7607"}],"wp:attachment":[{"href":"https:\/\/wpd.ugr.es\/~filolab\/wordpress\/wp-json\/wp\/v2\/media?parent=7606"}],"wp:term":[{"taxonomy":"category","embeddable":true,"href":"https:\/\/wpd.ugr.es\/~filolab\/wordpress\/wp-json\/wp\/v2\/categories?post=7606"},{"taxonomy":"post_tag","embeddable":true,"href":"https:\/\/wpd.ugr.es\/~filolab\/wordpress\/wp-json\/wp\/v2\/tags?post=7606"}],"curies":[{"name":"wp","href":"https:\/\/api.w.org\/{rel}","templated":true}]}}