{"id":7802,"date":"2026-03-03T11:21:17","date_gmt":"2026-03-03T10:21:17","guid":{"rendered":"https:\/\/wpd.ugr.es\/~filolab\/wordpress\/?p=7802"},"modified":"2026-04-08T10:23:59","modified_gmt":"2026-04-08T08:23:59","slug":"seminario-permanente-leibniz-6a-sesion-leibniz-y-los-androides-dos-criterios-para-distinguir-una-mente-humana-de-una-artificial","status":"publish","type":"post","link":"https:\/\/wpd.ugr.es\/~filolab\/wordpress\/2026\/03\/03\/seminario-permanente-leibniz-6a-sesion-leibniz-y-los-androides-dos-criterios-para-distinguir-una-mente-humana-de-una-artificial\/","title":{"rendered":"Seminario Permanente Leibniz. 6\u00aa Sesi\u00f3n: \u00abLeibniz y los androides: dos criterios para distinguir una mente humana de una artificial\u00bb"},"content":{"rendered":"<p>El jueves, 5 de marzo, a las 17 h (horario de Espa\u00f1a peninsular), tendr\u00e1 lugar la sexta sesi\u00f3n del Seminario Internacional Leibniz, organizado por <span style=\"color: #3f96ac;\"><a style=\"color: #3f96ac;\" href=\"https:\/\/leibniz.es\/\">C\u00e1tedra Leibniz de Filosof\u00eda<\/a><\/span>, que est\u00e1 dirigida por\u00a0<span style=\"color: #3f96ac;\"><a style=\"color: #3f96ac;\" href=\"https:\/\/wpd.ugr.es\/~filolab\/wordpress\/quienes-somos-nueva\/investigadores-garantes\/juan-antonio-nicolas\/\">Juan-Antonio Nicol\u00e1s<\/a><\/span>, miembro de FiloLab.<\/p>\n<p>La sesi\u00f3n correr\u00e1 a cargo de Alberto Luis L\u00f3pez (Ciudad de M\u00e9xico, M\u00e9xico), y lleva por t\u00edtulo: \u00abLeibniz y los androides: dos criterios para distinguir una mente humana de una artificial\u00bb. Se puede acceder online a la sesi\u00f3n a trav\u00e9s de este enlace.<\/p>\n<p>En la p\u00e1gina web de la C\u00e1tedra (<span style=\"color: #3f96ac;\"><a style=\"color: #3f96ac;\" href=\"http:\/\/www.leibniz.es\/\">www.leibniz.es<\/a><\/span>) y directamente en:\u00a0<span style=\"color: #3f96ac;\"><a style=\"color: #3f96ac;\" href=\"http:\/\/leibniz.es\/reuniones-seminario-permanente-leibniz\">http:\/\/leibniz.es\/reuniones-seminario-permanente-leibniz<\/a><\/span>, se ir\u00e1 actualizando la informaci\u00f3n sobre los ponentes, t\u00edtulos, fechas, horarios y enlaces de todas las sesiones de este curso.<\/p>\n\n\n<figure class=\"wp-block-image size-large\"><img loading=\"lazy\" width=\"724\" height=\"1024\" src=\"https:\/\/wpd.ugr.es\/~filolab\/wordpress\/wp-content\/uploads\/2026\/03\/Sesion-VI-Seminario-Internacional-Leibniz-5_marzo_2026-724x1024.jpg\" alt=\"\" class=\"wp-image-7806\" srcset=\"https:\/\/wpd.ugr.es\/~filolab\/wordpress\/wp-content\/uploads\/2026\/03\/Sesion-VI-Seminario-Internacional-Leibniz-5_marzo_2026-724x1024.jpg 724w, https:\/\/wpd.ugr.es\/~filolab\/wordpress\/wp-content\/uploads\/2026\/03\/Sesion-VI-Seminario-Internacional-Leibniz-5_marzo_2026-212x300.jpg 212w, https:\/\/wpd.ugr.es\/~filolab\/wordpress\/wp-content\/uploads\/2026\/03\/Sesion-VI-Seminario-Internacional-Leibniz-5_marzo_2026-768x1086.jpg 768w, https:\/\/wpd.ugr.es\/~filolab\/wordpress\/wp-content\/uploads\/2026\/03\/Sesion-VI-Seminario-Internacional-Leibniz-5_marzo_2026-1086x1536.jpg 1086w, https:\/\/wpd.ugr.es\/~filolab\/wordpress\/wp-content\/uploads\/2026\/03\/Sesion-VI-Seminario-Internacional-Leibniz-5_marzo_2026.jpg 1414w\" sizes=\"(max-width: 724px) 100vw, 724px\" \/><\/figure>\n<!-- AddThis Advanced Settings generic via filter on the_content --><!-- AddThis Share Buttons generic via filter on the_content -->","protected":false},"excerpt":{"rendered":"<p>El jueves, 5 de marzo, a las 17 h (horario de Espa\u00f1a peninsular), tendr\u00e1 lugar la sexta sesi\u00f3n del Seminario Internacional Leibniz, organizado por C\u00e1tedra Leibniz de Filosof\u00eda, que est\u00e1 dirigida por\u00a0Juan-Antonio Nicol\u00e1s, miembro de FiloLab. La sesi\u00f3n correr\u00e1 a cargo de Alberto Luis L\u00f3pez (Ciudad de M\u00e9xico, M\u00e9xico), y lleva por t\u00edtulo: \u00abLeibniz y [&hellip;]<!-- AddThis Advanced Settings generic via filter on get_the_excerpt --><!-- AddThis Share Buttons generic via filter on get_the_excerpt --><\/p>\n","protected":false},"author":1,"featured_media":7803,"comment_status":"open","ping_status":"open","sticky":false,"template":"","format":"standard","meta":[],"categories":[73],"tags":[523,753,115,1291,4300,4304,4302,210,3812],"_links":{"self":[{"href":"https:\/\/wpd.ugr.es\/~filolab\/wordpress\/wp-json\/wp\/v2\/posts\/7802"}],"collection":[{"href":"https:\/\/wpd.ugr.es\/~filolab\/wordpress\/wp-json\/wp\/v2\/posts"}],"about":[{"href":"https:\/\/wpd.ugr.es\/~filolab\/wordpress\/wp-json\/wp\/v2\/types\/post"}],"author":[{"embeddable":true,"href":"https:\/\/wpd.ugr.es\/~filolab\/wordpress\/wp-json\/wp\/v2\/users\/1"}],"replies":[{"embeddable":true,"href":"https:\/\/wpd.ugr.es\/~filolab\/wordpress\/wp-json\/wp\/v2\/comments?post=7802"}],"version-history":[{"count":3,"href":"https:\/\/wpd.ugr.es\/~filolab\/wordpress\/wp-json\/wp\/v2\/posts\/7802\/revisions"}],"predecessor-version":[{"id":7959,"href":"https:\/\/wpd.ugr.es\/~filolab\/wordpress\/wp-json\/wp\/v2\/posts\/7802\/revisions\/7959"}],"wp:featuredmedia":[{"embeddable":true,"href":"https:\/\/wpd.ugr.es\/~filolab\/wordpress\/wp-json\/wp\/v2\/media\/7803"}],"wp:attachment":[{"href":"https:\/\/wpd.ugr.es\/~filolab\/wordpress\/wp-json\/wp\/v2\/media?parent=7802"}],"wp:term":[{"taxonomy":"category","embeddable":true,"href":"https:\/\/wpd.ugr.es\/~filolab\/wordpress\/wp-json\/wp\/v2\/categories?post=7802"},{"taxonomy":"post_tag","embeddable":true,"href":"https:\/\/wpd.ugr.es\/~filolab\/wordpress\/wp-json\/wp\/v2\/tags?post=7802"}],"curies":[{"name":"wp","href":"https:\/\/api.w.org\/{rel}","templated":true}]}}