{"id":7808,"date":"2026-03-03T11:35:34","date_gmt":"2026-03-03T10:35:34","guid":{"rendered":"https:\/\/wpd.ugr.es\/~filolab\/wordpress\/?p=7808"},"modified":"2026-03-03T11:52:56","modified_gmt":"2026-03-03T10:52:56","slug":"septimo-ciclo-de-conferencias-filosofas-en-streaming","status":"publish","type":"post","link":"https:\/\/wpd.ugr.es\/~filolab\/wordpress\/2026\/03\/03\/septimo-ciclo-de-conferencias-filosofas-en-streaming\/","title":{"rendered":"S\u00e9ptimo ciclo de conferencias \u00abFil\u00f3sofas en streaming\u00bb"},"content":{"rendered":"<p>SWIP-Analytic Espa\u00f1a, en colaboraci\u00f3n con la Secci\u00f3n de Filosof\u00eda de la Universidad de la Laguna (ULL), celebra la sexta edici\u00f3n del ciclo de conferencias \u00abFil\u00f3sofas en streaming\u00bb.<\/p>\n<p>Estas conferencias ser\u00e1n en martes alternos, desde el 10 de marzo al 26 de de mayo de 2026 a las 16.30 hora peninsular espa\u00f1ola en Google Meet. La asistencia es libre pero es necesario registrarse previamente a trav\u00e9s de <a href=\"https:\/\/forms.gle\/kx4SMUcKLrKwXR2TA\"><span style=\"color: #3f96ac;\">este enlace<\/span><\/a>.<\/p>\n<p><span style=\"color: #3f96ac;\"><a style=\"color: #3f96ac;\" href=\"https:\/\/wpd.ugr.es\/~filolab\/wordpress\/quienes-somos-nueva\/investigadores-garantes\/maria-jose-frapolli\/\">Mar\u00eda Jos\u00e9 Fr\u00e1polli<\/a><\/span>, investigadora de FiloLab, es la responsable en Espa\u00f1a de SWIP-Analytic (la rama anal\u00edtica de la Society for Women in Philosophy), en cuya p\u00e1gina web (enlace) pod\u00e9is encontrar m\u00e1s detalles. A continuaci\u00f3n reproducimos el programa de conferencias.<\/p>\n<p><strong>Programa<\/strong>:<\/p>\n<p>D\u00eda 10 de marzo: Roc\u00edo P\u00e9rez, \u00abGlosarios biom\u00e9dicos y autonom\u00eda reproductiva\u00bb<br>\nD\u00eda 24 de marzo: Teresa Marques, \u00abLos afectos como parte del contexto\u00bb<br>\nD\u00eda 14 de abril: Carme Isern-Mas, \u00abT\u00f3xicas, traumatizadas y con un poco de TOC: el lado oscuro de &#8216;therapy speak'\u00bb<br>\nD\u00eda 28 de abril: Adriana Clavel, \u00abHacia un universalismo est\u00e9tico decolonial\u00bb<br>\nD\u00eda 12 de mayo: Amalia Haro, \u00abRazones para resistir: argumentaci\u00f3n no-ideal y resistencia argumentativa\u00bb<br>\nD\u00eda 26 de mayo: Arantza Etxeberria, \u00abEl embarazo en la filosof\u00eda de la biolog\u00eda: un enfoque organ\u00edsmico relacional\u00bb<\/p>\n<p>M\u00e1s informaci\u00f3n en <span style=\"color: #3f96ac;\"><a style=\"color: #3f96ac;\" href=\"https:\/\/wpd.ugr.es\/~swipa\/wordpress\/?p=1004\">este enlace<\/a><\/span>.<\/p>\n\n\n<figure class=\"wp-block-image size-full\"><img loading=\"lazy\" width=\"520\" height=\"520\" src=\"http:\/\/wpd.ugr.es\/~filolab\/wordpress\/wp-content\/uploads\/2025\/03\/SWIP-Espana.jpg\" alt=\"\" class=\"wp-image-6495\" srcset=\"https:\/\/wpd.ugr.es\/~filolab\/wordpress\/wp-content\/uploads\/2025\/03\/SWIP-Espana.jpg 520w, https:\/\/wpd.ugr.es\/~filolab\/wordpress\/wp-content\/uploads\/2025\/03\/SWIP-Espana-300x300.jpg 300w, https:\/\/wpd.ugr.es\/~filolab\/wordpress\/wp-content\/uploads\/2025\/03\/SWIP-Espana-150x150.jpg 150w, https:\/\/wpd.ugr.es\/~filolab\/wordpress\/wp-content\/uploads\/2025\/03\/SWIP-Espana-400x400.jpg 400w, https:\/\/wpd.ugr.es\/~filolab\/wordpress\/wp-content\/uploads\/2025\/03\/SWIP-Espana-100x100.jpg 100w\" sizes=\"(max-width: 520px) 100vw, 520px\" \/><\/figure>\n\n\n\n<figure class=\"wp-block-image size-full\"><img loading=\"lazy\" width=\"680\" height=\"481\" src=\"https:\/\/wpd.ugr.es\/~filolab\/wordpress\/wp-content\/uploads\/2026\/03\/FilosofasStreaming_10Marzo2026.jpg\" alt=\"\" class=\"wp-image-7813\" srcset=\"https:\/\/wpd.ugr.es\/~filolab\/wordpress\/wp-content\/uploads\/2026\/03\/FilosofasStreaming_10Marzo2026.jpg 680w, https:\/\/wpd.ugr.es\/~filolab\/wordpress\/wp-content\/uploads\/2026\/03\/FilosofasStreaming_10Marzo2026-300x212.jpg 300w\" sizes=\"(max-width: 680px) 100vw, 680px\" \/><\/figure>\n<!-- AddThis Advanced Settings generic via filter on the_content --><!-- AddThis Share Buttons generic via filter on the_content -->","protected":false},"excerpt":{"rendered":"<p>SWIP-Analytic Espa\u00f1a, en colaboraci\u00f3n con la Secci\u00f3n de Filosof\u00eda de la Universidad de la Laguna (ULL), celebra la sexta edici\u00f3n del ciclo de conferencias \u00abFil\u00f3sofas en streaming\u00bb. Estas conferencias ser\u00e1n en martes alternos, desde el 10 de marzo al 26 de de mayo de 2026 a las 16.30 hora peninsular espa\u00f1ola en Google Meet. La [&hellip;]<!-- AddThis Advanced Settings generic via filter on get_the_excerpt --><!-- AddThis Share Buttons generic via filter on get_the_excerpt --><\/p>\n","protected":false},"author":1,"featured_media":7813,"comment_status":"open","ping_status":"open","sticky":false,"template":"","format":"standard","meta":[],"categories":[1239,3392,16],"tags":[2895],"_links":{"self":[{"href":"https:\/\/wpd.ugr.es\/~filolab\/wordpress\/wp-json\/wp\/v2\/posts\/7808"}],"collection":[{"href":"https:\/\/wpd.ugr.es\/~filolab\/wordpress\/wp-json\/wp\/v2\/posts"}],"about":[{"href":"https:\/\/wpd.ugr.es\/~filolab\/wordpress\/wp-json\/wp\/v2\/types\/post"}],"author":[{"embeddable":true,"href":"https:\/\/wpd.ugr.es\/~filolab\/wordpress\/wp-json\/wp\/v2\/users\/1"}],"replies":[{"embeddable":true,"href":"https:\/\/wpd.ugr.es\/~filolab\/wordpress\/wp-json\/wp\/v2\/comments?post=7808"}],"version-history":[{"count":3,"href":"https:\/\/wpd.ugr.es\/~filolab\/wordpress\/wp-json\/wp\/v2\/posts\/7808\/revisions"}],"predecessor-version":[{"id":7814,"href":"https:\/\/wpd.ugr.es\/~filolab\/wordpress\/wp-json\/wp\/v2\/posts\/7808\/revisions\/7814"}],"wp:featuredmedia":[{"embeddable":true,"href":"https:\/\/wpd.ugr.es\/~filolab\/wordpress\/wp-json\/wp\/v2\/media\/7813"}],"wp:attachment":[{"href":"https:\/\/wpd.ugr.es\/~filolab\/wordpress\/wp-json\/wp\/v2\/media?parent=7808"}],"wp:term":[{"taxonomy":"category","embeddable":true,"href":"https:\/\/wpd.ugr.es\/~filolab\/wordpress\/wp-json\/wp\/v2\/categories?post=7808"},{"taxonomy":"post_tag","embeddable":true,"href":"https:\/\/wpd.ugr.es\/~filolab\/wordpress\/wp-json\/wp\/v2\/tags?post=7808"}],"curies":[{"name":"wp","href":"https:\/\/api.w.org\/{rel}","templated":true}]}}