{"id":7815,"date":"2026-03-04T10:05:29","date_gmt":"2026-03-04T09:05:29","guid":{"rendered":"https:\/\/wpd.ugr.es\/~filolab\/wordpress\/?p=7815"},"modified":"2026-03-04T11:50:58","modified_gmt":"2026-03-04T10:50:58","slug":"la-costosa-luz-injusticia-epistemica-y-edadismo-en-la-voz-de-ofarrell","status":"publish","type":"post","link":"https:\/\/wpd.ugr.es\/~filolab\/wordpress\/2026\/03\/04\/la-costosa-luz-injusticia-epistemica-y-edadismo-en-la-voz-de-ofarrell\/","title":{"rendered":"La costosa luz: Injusticia epist\u00e9mica y edadismo en la voz de O&#8217;Farrell"},"content":{"rendered":"<p>Nuestra compa\u00f1era<span style=\"color: #3f96ac;\"> <a style=\"color: #3f96ac;\" href=\"https:\/\/wpd.ugr.es\/~filolab\/wordpress\/quienes-somos-nueva\/investigadores-garantes\/ester-masso-guijarro\/\">Ester Mass\u00f3 Guijarro<\/a><\/span>, investigadora de FiloLab y miembro de la <span style=\"color: #3f96ac;\"><a style=\"color: #3f96ac;\" href=\"https:\/\/espacyoscom.weebly.com\/\">Red ESPACyOS<\/a><\/span>, ha publicado recientemente el art\u00edculo \u00abLa costosa luz\u00bb, en el portal de an\u00e1lisis y pensamiento cr\u00edtico <em>Rebeli\u00f3n<\/em>, en el marco de la semana del 8 de marzo, D\u00eda Internacional de las Mujeres.<\/p>\n<p>Con el subt\u00edtulo \u00abInjusticia epist\u00e9mica y edadismo en la voz de O&#8217;Farrell\u00bb, el texto propone una reflexi\u00f3n de car\u00e1cter ensay\u00edstico sobre memoria, identidad y reconocimiento, explorando c\u00f3mo determinadas experiencias \u2014especialmente las vinculadas a la edad y el g\u00e9nero\u2014 pueden ser deslegitimadas o reinterpretadas por otros. A partir de referencias literarias y culturales, en particular la novela <em>La extra\u00f1a desaparici\u00f3n de Esme Lennox<\/em>, de la escritora brit\u00e1nica Maggie O\u2019 Farrell, el art\u00edculo examina los mecanismos socioepist\u00e9micos mediante los cuales se cuestiona o invalida la voz de quienes quedan situadas en posiciones de vulnerabilidad o marginalidad, o de quienes no encajan en los moldes normativos dominantes.<\/p>\n<p>El art\u00edculo puede leerse completo en <span style=\"color: #3f96ac;\"><a style=\"color: #3f96ac;\" href=\"https:\/\/rebelion.org\/la-costosa-luz\/\">este enlace<\/a><\/span>.<\/p>\n<!-- AddThis Advanced Settings generic via filter on the_content --><!-- AddThis Share Buttons generic via filter on the_content -->","protected":false},"excerpt":{"rendered":"<p>Nuestra compa\u00f1era Ester Mass\u00f3 Guijarro, investigadora de FiloLab y miembro de la Red ESPACyOS, ha publicado recientemente el art\u00edculo \u00abLa costosa luz\u00bb, en el portal de an\u00e1lisis y pensamiento cr\u00edtico Rebeli\u00f3n, en el marco de la semana del 8 de marzo, D\u00eda Internacional de las Mujeres. Con el subt\u00edtulo \u00abInjusticia epist\u00e9mica y edadismo en la [&hellip;]<!-- AddThis Advanced Settings generic via filter on get_the_excerpt --><!-- AddThis Share Buttons generic via filter on get_the_excerpt --><\/p>\n","protected":false},"author":1,"featured_media":7816,"comment_status":"open","ping_status":"open","sticky":false,"template":"","format":"standard","meta":[],"categories":[21,1162],"tags":[4310,1778,476,1926,79,280,4030,4306],"_links":{"self":[{"href":"https:\/\/wpd.ugr.es\/~filolab\/wordpress\/wp-json\/wp\/v2\/posts\/7815"}],"collection":[{"href":"https:\/\/wpd.ugr.es\/~filolab\/wordpress\/wp-json\/wp\/v2\/posts"}],"about":[{"href":"https:\/\/wpd.ugr.es\/~filolab\/wordpress\/wp-json\/wp\/v2\/types\/post"}],"author":[{"embeddable":true,"href":"https:\/\/wpd.ugr.es\/~filolab\/wordpress\/wp-json\/wp\/v2\/users\/1"}],"replies":[{"embeddable":true,"href":"https:\/\/wpd.ugr.es\/~filolab\/wordpress\/wp-json\/wp\/v2\/comments?post=7815"}],"version-history":[{"count":5,"href":"https:\/\/wpd.ugr.es\/~filolab\/wordpress\/wp-json\/wp\/v2\/posts\/7815\/revisions"}],"predecessor-version":[{"id":7825,"href":"https:\/\/wpd.ugr.es\/~filolab\/wordpress\/wp-json\/wp\/v2\/posts\/7815\/revisions\/7825"}],"wp:featuredmedia":[{"embeddable":true,"href":"https:\/\/wpd.ugr.es\/~filolab\/wordpress\/wp-json\/wp\/v2\/media\/7816"}],"wp:attachment":[{"href":"https:\/\/wpd.ugr.es\/~filolab\/wordpress\/wp-json\/wp\/v2\/media?parent=7815"}],"wp:term":[{"taxonomy":"category","embeddable":true,"href":"https:\/\/wpd.ugr.es\/~filolab\/wordpress\/wp-json\/wp\/v2\/categories?post=7815"},{"taxonomy":"post_tag","embeddable":true,"href":"https:\/\/wpd.ugr.es\/~filolab\/wordpress\/wp-json\/wp\/v2\/tags?post=7815"}],"curies":[{"name":"wp","href":"https:\/\/api.w.org\/{rel}","templated":true}]}}