{"id":7850,"date":"2026-03-12T10:34:30","date_gmt":"2026-03-12T09:34:30","guid":{"rendered":"https:\/\/wpd.ugr.es\/~filolab\/wordpress\/?p=7850"},"modified":"2026-03-12T10:51:05","modified_gmt":"2026-03-12T09:51:05","slug":"conferencia-cambio-climatico-y-las-humanidades-ambientales","status":"publish","type":"post","link":"https:\/\/wpd.ugr.es\/~filolab\/wordpress\/2026\/03\/12\/conferencia-cambio-climatico-y-las-humanidades-ambientales\/","title":{"rendered":"Conferencia: \u00abCambio Clim\u00e1tico y las Humanidades Ambientales\u00bb"},"content":{"rendered":"<p>El mi\u00e9rcoles, 18 de marzo, a las 12:30, en el Aula Garc\u00eda Lorca de la Facultad de Filosof\u00eda y Letras de la Universidad de Granada, Thomas Heyd impartir\u00e1 la conferencia \u00abCambio Clim\u00e1tico y las Humanidades Ambientales\u00bb, en el marco del M\u00e1ster en Filosof\u00eda Contempor\u00e1nea. Thomas Heyd es profesor en el Departamento de Filosof\u00eda y en Estudios Medioambientales y Fellow en el Centro de Estudios Globales de la Universidad de Victoria (Canad\u00e1). A continuaci\u00f3n incluimos un resumen de su conferencia, a la que os invitamos a asistir:<\/p>\n<p>La filosof\u00eda, como uno de los campos de estudio centrales entre las Humanidades, aborda reflexiones sobre el cambio clim\u00e1tico, principalmente desde la \u00e9tica, aunque \u00faltimamente tambi\u00e9n desde la est\u00e9tica. Recientemente, las Humanidades Ambientales se han consolidado como un \u00e1rea de estudio reconocida, abarcando las orientaciones ambientales dentro del conjunto de disciplinas, institucionalmente reconocidas como \u00ablas Humanidades\u00bb. En la medida en que exploramos las perspectivas filos\u00f3ficas sobre el cambio clim\u00e1tico nos enfrentamos a tres preguntas clave. Primero, \u00bfqu\u00e9 distingue a las Humanidades de otras disciplinas cognitivas y profesionales, en cuanto a m\u00e9todos, contenidos e historia? Segundo, \u00bfqu\u00e9 distingue a las Humanidades cuando se les apoda \u00abambientales\u00bb? Y tercero, dada la urgencia de enfrentarnos al cambio clim\u00e1tico contempor\u00e1neo como tema urgente, \u00bfqu\u00e9 pueden aportar las Humanidades Ambientales a esta conversaci\u00f3n emergente? En respuesta se argumenta que, si bien para abordar este proceso socionatural a) las disciplinas naturales y sociales pueden ser las m\u00e1s indicadas para una comprensi\u00f3n fiable de las causas, del desarrollo y de las soluciones, y b) las profesiones proporcionan la experiencia esencial para la implementaci\u00f3n de las pol\u00edticas requeridas, en realidad las Humanidades Ambientales tambi\u00e9n desempe\u00f1an un papel crucial. En concreto, debido a que estas disciplinas se enfocan en la experiencia, las necesidades y los valores humanos, pueden narrar y representar la experiencia hist\u00f3rica de interdependencia de nuestra especie con sus entornos, y pueden movilizar nuestra voluntad de actuar recurriendo a nuestras capacidades de reflexi\u00f3n, responsabilidad, empat\u00eda, solidaridad, reciprocidad y comprensi\u00f3n est\u00e9tica. En resumen, las Humanidades Ambientales pueden ayudarnos a ubicarnos en un planeta sujeto a cambios cada vez m\u00e1s acelerados.<\/p>\n\n\n<figure class=\"wp-block-image size-large\"><img loading=\"lazy\" width=\"724\" height=\"1024\" src=\"https:\/\/wpd.ugr.es\/~filolab\/wordpress\/wp-content\/uploads\/2026\/03\/Thomas-Heyd-Cambio-Climatico-y-las-Humanidades-Ambientales-724x1024.jpg\" alt=\"\" class=\"wp-image-7853\" srcset=\"https:\/\/wpd.ugr.es\/~filolab\/wordpress\/wp-content\/uploads\/2026\/03\/Thomas-Heyd-Cambio-Climatico-y-las-Humanidades-Ambientales-724x1024.jpg 724w, https:\/\/wpd.ugr.es\/~filolab\/wordpress\/wp-content\/uploads\/2026\/03\/Thomas-Heyd-Cambio-Climatico-y-las-Humanidades-Ambientales-212x300.jpg 212w, https:\/\/wpd.ugr.es\/~filolab\/wordpress\/wp-content\/uploads\/2026\/03\/Thomas-Heyd-Cambio-Climatico-y-las-Humanidades-Ambientales-768x1087.jpg 768w, https:\/\/wpd.ugr.es\/~filolab\/wordpress\/wp-content\/uploads\/2026\/03\/Thomas-Heyd-Cambio-Climatico-y-las-Humanidades-Ambientales-1085x1536.jpg 1085w, https:\/\/wpd.ugr.es\/~filolab\/wordpress\/wp-content\/uploads\/2026\/03\/Thomas-Heyd-Cambio-Climatico-y-las-Humanidades-Ambientales.jpg 1240w\" sizes=\"(max-width: 724px) 100vw, 724px\" \/><\/figure>\n<!-- AddThis Advanced Settings generic via filter on the_content --><!-- AddThis Share Buttons generic via filter on the_content -->","protected":false},"excerpt":{"rendered":"<p>El mi\u00e9rcoles, 18 de marzo, a las 12:30, en el Aula Garc\u00eda Lorca de la Facultad de Filosof\u00eda y Letras de la Universidad de Granada, Thomas Heyd impartir\u00e1 la conferencia \u00abCambio Clim\u00e1tico y las Humanidades Ambientales\u00bb, en el marco del M\u00e1ster en Filosof\u00eda Contempor\u00e1nea. Thomas Heyd es profesor en el Departamento de Filosof\u00eda y en [&hellip;]<!-- AddThis Advanced Settings generic via filter on get_the_excerpt --><!-- AddThis Share Buttons generic via filter on get_the_excerpt --><\/p>\n","protected":false},"author":1,"featured_media":7851,"comment_status":"open","ping_status":"open","sticky":false,"template":"","format":"standard","meta":[],"categories":[3392,4124],"tags":[3350,667,497,4320,3786],"_links":{"self":[{"href":"https:\/\/wpd.ugr.es\/~filolab\/wordpress\/wp-json\/wp\/v2\/posts\/7850"}],"collection":[{"href":"https:\/\/wpd.ugr.es\/~filolab\/wordpress\/wp-json\/wp\/v2\/posts"}],"about":[{"href":"https:\/\/wpd.ugr.es\/~filolab\/wordpress\/wp-json\/wp\/v2\/types\/post"}],"author":[{"embeddable":true,"href":"https:\/\/wpd.ugr.es\/~filolab\/wordpress\/wp-json\/wp\/v2\/users\/1"}],"replies":[{"embeddable":true,"href":"https:\/\/wpd.ugr.es\/~filolab\/wordpress\/wp-json\/wp\/v2\/comments?post=7850"}],"version-history":[{"count":2,"href":"https:\/\/wpd.ugr.es\/~filolab\/wordpress\/wp-json\/wp\/v2\/posts\/7850\/revisions"}],"predecessor-version":[{"id":7855,"href":"https:\/\/wpd.ugr.es\/~filolab\/wordpress\/wp-json\/wp\/v2\/posts\/7850\/revisions\/7855"}],"wp:featuredmedia":[{"embeddable":true,"href":"https:\/\/wpd.ugr.es\/~filolab\/wordpress\/wp-json\/wp\/v2\/media\/7851"}],"wp:attachment":[{"href":"https:\/\/wpd.ugr.es\/~filolab\/wordpress\/wp-json\/wp\/v2\/media?parent=7850"}],"wp:term":[{"taxonomy":"category","embeddable":true,"href":"https:\/\/wpd.ugr.es\/~filolab\/wordpress\/wp-json\/wp\/v2\/categories?post=7850"},{"taxonomy":"post_tag","embeddable":true,"href":"https:\/\/wpd.ugr.es\/~filolab\/wordpress\/wp-json\/wp\/v2\/tags?post=7850"}],"curies":[{"name":"wp","href":"https:\/\/api.w.org\/{rel}","templated":true}]}}