{"id":7856,"date":"2026-03-12T11:00:45","date_gmt":"2026-03-12T10:00:45","guid":{"rendered":"https:\/\/wpd.ugr.es\/~filolab\/wordpress\/?p=7856"},"modified":"2026-03-12T11:03:55","modified_gmt":"2026-03-12T10:03:55","slug":"primera-sesion-del-seminario-de-lectura-sobre-percepcion-moral","status":"publish","type":"post","link":"https:\/\/wpd.ugr.es\/~filolab\/wordpress\/2026\/03\/12\/primera-sesion-del-seminario-de-lectura-sobre-percepcion-moral\/","title":{"rendered":"Primera sesi\u00f3n del seminario de lectura sobre percepci\u00f3n moral"},"content":{"rendered":"<p>El pasado 11 de marzo tuvo lugar en la sala de reuniones de la Biblioteca de Letras B la primera sesi\u00f3n del seminario de lectura sobre percepci\u00f3n moral, organizado por el grupo de investigaci\u00f3n Filosof\u00eda y An\u00e1lisis (HUM-975) con la colaboraci\u00f3n de FiloLab. En esta sesi\u00f3n inicial se comentaron los dos primeros cap\u00edtulos de <em>La soberan\u00eda del bien<\/em>, de la fil\u00f3sofa brit\u00e1nica Iris Murdoch. El seminario continuar\u00e1 en pr\u00f3ximas sesiones con la lectura y discusi\u00f3n del resto de la obra.<\/p>\n\n\n<figure class=\"wp-block-image size-large\"><img loading=\"lazy\" width=\"1024\" height=\"768\" src=\"http:\/\/wpd.ugr.es\/~filolab\/wordpress\/wp-content\/uploads\/2026\/03\/WhatsApp-Image-2026-03-11-at-12.35.22-1024x768.jpeg\" alt=\"\" class=\"wp-image-7857\" srcset=\"https:\/\/wpd.ugr.es\/~filolab\/wordpress\/wp-content\/uploads\/2026\/03\/WhatsApp-Image-2026-03-11-at-12.35.22-1024x768.jpeg 1024w, https:\/\/wpd.ugr.es\/~filolab\/wordpress\/wp-content\/uploads\/2026\/03\/WhatsApp-Image-2026-03-11-at-12.35.22-300x225.jpeg 300w, https:\/\/wpd.ugr.es\/~filolab\/wordpress\/wp-content\/uploads\/2026\/03\/WhatsApp-Image-2026-03-11-at-12.35.22-768x576.jpeg 768w, https:\/\/wpd.ugr.es\/~filolab\/wordpress\/wp-content\/uploads\/2026\/03\/WhatsApp-Image-2026-03-11-at-12.35.22-1536x1152.jpeg 1536w, https:\/\/wpd.ugr.es\/~filolab\/wordpress\/wp-content\/uploads\/2026\/03\/WhatsApp-Image-2026-03-11-at-12.35.22.jpeg 1600w\" sizes=\"(max-width: 1024px) 100vw, 1024px\" \/><\/figure>\n<!-- AddThis Advanced Settings generic via filter on the_content --><!-- AddThis Share Buttons generic via filter on the_content -->","protected":false},"excerpt":{"rendered":"<p>El pasado 11 de marzo tuvo lugar en la sala de reuniones de la Biblioteca de Letras B la primera sesi\u00f3n del seminario de lectura sobre percepci\u00f3n moral, organizado por el grupo de investigaci\u00f3n Filosof\u00eda y An\u00e1lisis (HUM-975) con la colaboraci\u00f3n de FiloLab. En esta sesi\u00f3n inicial se comentaron los dos primeros cap\u00edtulos de La [&hellip;]<!-- AddThis Advanced Settings generic via filter on get_the_excerpt --><!-- AddThis Share Buttons generic via filter on get_the_excerpt --><\/p>\n","protected":false},"author":1,"featured_media":7857,"comment_status":"open","ping_status":"open","sticky":false,"template":"","format":"standard","meta":[],"categories":[1239,73],"tags":[4252,3892,4250],"_links":{"self":[{"href":"https:\/\/wpd.ugr.es\/~filolab\/wordpress\/wp-json\/wp\/v2\/posts\/7856"}],"collection":[{"href":"https:\/\/wpd.ugr.es\/~filolab\/wordpress\/wp-json\/wp\/v2\/posts"}],"about":[{"href":"https:\/\/wpd.ugr.es\/~filolab\/wordpress\/wp-json\/wp\/v2\/types\/post"}],"author":[{"embeddable":true,"href":"https:\/\/wpd.ugr.es\/~filolab\/wordpress\/wp-json\/wp\/v2\/users\/1"}],"replies":[{"embeddable":true,"href":"https:\/\/wpd.ugr.es\/~filolab\/wordpress\/wp-json\/wp\/v2\/comments?post=7856"}],"version-history":[{"count":2,"href":"https:\/\/wpd.ugr.es\/~filolab\/wordpress\/wp-json\/wp\/v2\/posts\/7856\/revisions"}],"predecessor-version":[{"id":7860,"href":"https:\/\/wpd.ugr.es\/~filolab\/wordpress\/wp-json\/wp\/v2\/posts\/7856\/revisions\/7860"}],"wp:featuredmedia":[{"embeddable":true,"href":"https:\/\/wpd.ugr.es\/~filolab\/wordpress\/wp-json\/wp\/v2\/media\/7857"}],"wp:attachment":[{"href":"https:\/\/wpd.ugr.es\/~filolab\/wordpress\/wp-json\/wp\/v2\/media?parent=7856"}],"wp:term":[{"taxonomy":"category","embeddable":true,"href":"https:\/\/wpd.ugr.es\/~filolab\/wordpress\/wp-json\/wp\/v2\/categories?post=7856"},{"taxonomy":"post_tag","embeddable":true,"href":"https:\/\/wpd.ugr.es\/~filolab\/wordpress\/wp-json\/wp\/v2\/tags?post=7856"}],"curies":[{"name":"wp","href":"https:\/\/api.w.org\/{rel}","templated":true}]}}