{"id":455,"date":"2024-03-06T18:06:07","date_gmt":"2024-03-06T18:06:07","guid":{"rendered":"https:\/\/wpd.ugr.es\/~fisicas50\/?p=455"},"modified":"2024-03-06T18:13:33","modified_gmt":"2024-03-06T18:13:33","slug":"la-exposicion-de-libros-antiguos-esta-en-marcha","status":"publish","type":"post","link":"https:\/\/wpd.ugr.es\/~fisicas50\/la-exposicion-de-libros-antiguos-esta-en-marcha\/","title":{"rendered":"La exposici\u00f3n de libros antiguos est\u00e1 en marcha"},"content":{"rendered":"\t\t<div data-elementor-type=\"wp-post\" data-elementor-id=\"455\" class=\"elementor elementor-455\">\n\t\t\t\t\t\t\t\t\t<section class=\"elementor-section elementor-top-section elementor-element elementor-element-847d1a7 elementor-section-boxed elementor-section-height-default elementor-section-height-default\" data-id=\"847d1a7\" data-element_type=\"section\">\n\t\t\t\t\t\t<div class=\"elementor-container elementor-column-gap-default\">\n\t\t\t\t\t<div class=\"elementor-column elementor-col-100 elementor-top-column elementor-element elementor-element-acc38a0\" data-id=\"acc38a0\" data-element_type=\"column\">\n\t\t\t<div class=\"elementor-widget-wrap elementor-element-populated\">\n\t\t\t\t\t\t\t\t<div class=\"elementor-element elementor-element-16fc31a elementor-widget elementor-widget-text-editor\" data-id=\"16fc31a\" data-element_type=\"widget\" data-widget_type=\"text-editor.default\">\n\t\t\t\t<div class=\"elementor-widget-container\">\n\t\t\t<style>\/*! elementor - v3.14.0 - 26-06-2023 *\/\n.elementor-widget-text-editor.elementor-drop-cap-view-stacked .elementor-drop-cap{background-color:#69727d;color:#fff}.elementor-widget-text-editor.elementor-drop-cap-view-framed .elementor-drop-cap{color:#69727d;border:3px solid;background-color:transparent}.elementor-widget-text-editor:not(.elementor-drop-cap-view-default) .elementor-drop-cap{margin-top:8px}.elementor-widget-text-editor:not(.elementor-drop-cap-view-default) .elementor-drop-cap-letter{width:1em;height:1em}.elementor-widget-text-editor .elementor-drop-cap{float:left;text-align:center;line-height:1;font-size:50px}.elementor-widget-text-editor .elementor-drop-cap-letter{display:inline-block}<\/style>\t\t\t\t<p>Ya tenemos fecha para la inauguraci\u00f3n: ser\u00e1 el mi\u00e9rcoles 20 de marzo, a las 12:30h, en la Biblioteca del Hospital Real.\u00a0<\/p><p>Acompa\u00f1ando a los libros, se expondr\u00e1n algunos instrumentos antiguos relacionados con distintas ramas de la F\u00edsica, que se han usado en Granada.<\/p><p>Tenemos una excelente oportunidad para conocer nuestra historia.<\/p>\t\t\t\t\t\t<\/div>\n\t\t\t\t<\/div>\n\t\t\t\t\t<\/div>\n\t\t<\/div>\n\t\t\t\t\t\t\t<\/div>\n\t\t<\/section>\n\t\t\t\t<section class=\"elementor-section elementor-top-section elementor-element elementor-element-0b9c5ad elementor-section-boxed elementor-section-height-default elementor-section-height-default\" data-id=\"0b9c5ad\" data-element_type=\"section\">\n\t\t\t\t\t\t<div class=\"elementor-container elementor-column-gap-default\">\n\t\t\t\t\t<div class=\"elementor-column elementor-col-100 elementor-top-column elementor-element elementor-element-8b3fe1e\" data-id=\"8b3fe1e\" data-element_type=\"column\">\n\t\t\t<div class=\"elementor-widget-wrap elementor-element-populated\">\n\t\t\t\t\t\t\t\t<div class=\"elementor-element elementor-element-508f190 elementor-widget elementor-widget-image\" data-id=\"508f190\" data-element_type=\"widget\" data-widget_type=\"image.default\">\n\t\t\t\t<div class=\"elementor-widget-container\">\n\t\t\t<style>\/*! elementor - v3.14.0 - 26-06-2023 *\/\n.elementor-widget-image{text-align:center}.elementor-widget-image a{display:inline-block}.elementor-widget-image a img[src$=\".svg\"]{width:48px}.elementor-widget-image img{vertical-align:middle;display:inline-block}<\/style>\t\t\t\t\t\t\t\t\t\t\t\t<img decoding=\"async\" width=\"300\" height=\"255\" src=\"https:\/\/wpd.ugr.es\/~fisicas50\/wp-content\/uploads\/2024\/03\/CAJAIMP3018-ima2-300x255.jpg\" class=\"attachment-medium size-medium wp-image-457\" alt=\"\" loading=\"lazy\" srcset=\"https:\/\/wpd.ugr.es\/~fisicas50\/wp-content\/uploads\/2024\/03\/CAJAIMP3018-ima2-300x255.jpg 300w, https:\/\/wpd.ugr.es\/~fisicas50\/wp-content\/uploads\/2024\/03\/CAJAIMP3018-ima2-1024x870.jpg 1024w, https:\/\/wpd.ugr.es\/~fisicas50\/wp-content\/uploads\/2024\/03\/CAJAIMP3018-ima2-768x653.jpg 768w, https:\/\/wpd.ugr.es\/~fisicas50\/wp-content\/uploads\/2024\/03\/CAJAIMP3018-ima2-1536x1305.jpg 1536w, https:\/\/wpd.ugr.es\/~fisicas50\/wp-content\/uploads\/2024\/03\/CAJAIMP3018-ima2-2048x1740.jpg 2048w\" sizes=\"(max-width: 300px) 100vw, 300px\" \/>\t\t\t\t\t\t\t\t\t\t\t\t\t\t\t<\/div>\n\t\t\t\t<\/div>\n\t\t\t\t\t<\/div>\n\t\t<\/div>\n\t\t\t\t\t\t\t<\/div>\n\t\t<\/section>\n\t\t\t\t\t\t\t<\/div>\n\t\t","protected":false},"excerpt":{"rendered":"<p>Ya tenemos fecha para la inauguraci\u00f3n: ser\u00e1 el mi\u00e9rcoles 20 de marzo, a las 12:30h, en la Biblioteca del Hospital Real.\u00a0 Acompa\u00f1ando a los libros,&hellip;<\/p>\n","protected":false},"author":1,"featured_media":0,"comment_status":"open","ping_status":"open","sticky":false,"template":"","format":"standard","meta":[],"categories":[1],"tags":[],"_links":{"self":[{"href":"https:\/\/wpd.ugr.es\/~fisicas50\/wp-json\/wp\/v2\/posts\/455"}],"collection":[{"href":"https:\/\/wpd.ugr.es\/~fisicas50\/wp-json\/wp\/v2\/posts"}],"about":[{"href":"https:\/\/wpd.ugr.es\/~fisicas50\/wp-json\/wp\/v2\/types\/post"}],"author":[{"embeddable":true,"href":"https:\/\/wpd.ugr.es\/~fisicas50\/wp-json\/wp\/v2\/users\/1"}],"replies":[{"embeddable":true,"href":"https:\/\/wpd.ugr.es\/~fisicas50\/wp-json\/wp\/v2\/comments?post=455"}],"version-history":[{"count":4,"href":"https:\/\/wpd.ugr.es\/~fisicas50\/wp-json\/wp\/v2\/posts\/455\/revisions"}],"predecessor-version":[{"id":460,"href":"https:\/\/wpd.ugr.es\/~fisicas50\/wp-json\/wp\/v2\/posts\/455\/revisions\/460"}],"wp:attachment":[{"href":"https:\/\/wpd.ugr.es\/~fisicas50\/wp-json\/wp\/v2\/media?parent=455"}],"wp:term":[{"taxonomy":"category","embeddable":true,"href":"https:\/\/wpd.ugr.es\/~fisicas50\/wp-json\/wp\/v2\/categories?post=455"},{"taxonomy":"post_tag","embeddable":true,"href":"https:\/\/wpd.ugr.es\/~fisicas50\/wp-json\/wp\/v2\/tags?post=455"}],"curies":[{"name":"wp","href":"https:\/\/api.w.org\/{rel}","templated":true}]}}