{"id":257,"date":"2015-04-30T16:09:27","date_gmt":"2015-04-30T16:09:27","guid":{"rendered":"http:\/\/wpd.ugr.es\/~icufop\/?p=257"},"modified":"2015-04-30T16:36:07","modified_gmt":"2015-04-30T16:36:07","slug":"educacion-intercultural","status":"publish","type":"post","link":"https:\/\/wpd.ugr.es\/~icufop\/educacion-intercultural\/","title":{"rendered":"Diversidad cultural y Educaci\u00f3n intercultural"},"content":{"rendered":"<div id=\"pl-257\"  class=\"panel-layout\" ><div id=\"pg-257-0\"  class=\"panel-grid panel-no-style\" ><div id=\"pgc-257-0-0\"  class=\"panel-grid-cell\" ><div id=\"panel-257-0-0-0\" class=\"so-panel widget widget_black-studio-tinymce widget_black_studio_tinymce panel-first-child panel-last-child\" data-index=\"0\" ><h3 class=\"widget-title\">Experiencias en el aula del aprendizaje del espanol como segunda lengua<\/h3><div class=\"textwidget\"><h4>Jos\u00e9 Luis L\u00f3pez Belmonte (coord.)<\/h4>\n<h4>Cap\u00edtulo publicado por Elvira Molina<\/h4>\n<div class=\"page\" title=\"Page 109\">\n<div class=\"section\">\n<div class=\"layoutArea\">\n<div class=\"column\">\n<p>Melilla muestra la diversidad cultural a cada paso, en la arquitectura, en la gastronom\u00eda, en el vestido y tambi\u00e9n en la variedad de lenguas que se hablan y escuchan en la ciudad. Como reflejo de la sociedad melillense, en los centros educativos se encuentran hablas, lenguajes y lenguas entre las que sobre todo destacan el castellano y el tamazight.<\/p>\n<p>Sin embargo, compartir el mismo espacio en la ciudad no parece suficiente para que exista un mayor conocimiento mutuo entre las lenguas. De hecho, seg\u00fan Segura V\u00e1zquez, la cuesti\u00f3n del analfabetismo en castellano supone una de las principales causas de exclusi\u00f3n severa entre la poblaci\u00f3n melillense de los distritos IV y V (2009, p\u00e1g. 46). Quiz\u00e1s por ello, algunos centros educativos de la ciudad se convierten en entornos clave para el contacto intenso y sistem\u00e1tico con el castellano por parte del alumnado de la ciudad que no comparte esta misma lengua materna.<\/p>\n<p>En este contexto proporcionar las herramientas y los recursos que aseguren un suficiente conocimiento del castellano para el alumnado se convierte en un requisito compensador fundamental al tratarse el castellano no solo de un instrumento de relaci\u00f3n y expresi\u00f3n, sino de la lengua vehicular del aprendizaje en las aulas de Melilla.<\/p>\n<div class=\"page\" title=\"Page 110\">\n<div class=\"section\">\n<div class=\"layoutArea\">\n<div class=\"column\">\n<p>Por ello, a lo largo de este texto se trata de desgranar los objetivos, organizaci\u00f3n, principios metodol\u00f3gicos y actividades de Alehop, un programa que se lleva a cabo en el CEIP Le\u00f3n Sol\u00e1 de Melilla para mejorar el conocimiento del castellano como segunda lengua.<\/p>\n<hr \/>\n<p>\u00a0<\/p>\n<\/div>\n<\/div>\n<\/div>\n<\/div>\n<\/div>\n<\/div>\n<\/div>\n<\/div>\n<\/div><\/div><\/div><div id=\"pgc-257-0-1\"  class=\"panel-grid-cell\" ><div id=\"panel-257-0-1-0\" class=\"so-panel widget widget_black-studio-tinymce widget_black_studio_tinymce panel-first-child panel-last-child\" data-index=\"1\" ><h3 class=\"widget-title\">Atencion educativa al alumnado residente en el CETI: experiencia de centro<\/h3><div class=\"textwidget\"><h4>Jos\u00e9 Luis L\u00f3pez Belmonte (coord.)<\/h4>\n<h4>Cap\u00edtulo publicado por M\u00aaCarmen Robles y Rogelio Paniza<\/h4>\n<p>La situaci\u00f3n geogr\u00e1fica de Melilla como ciudad fronteriza hace que el escenario de la migraci\u00f3n se convierta en un fen\u00f3meno habitual. Las personas migrantes acceden con frecuencia a la ciudad y desde las diferentes instituciones se deben tomar las decisiones oportunas para garantizar la atenci\u00f3n adecuada mientras dure la estancia de esta poblaci\u00f3n. En este sentido, se erigi\u00f3 el Centro de Estancia Temporal de Inmigrantes (CETI), donde se realiza el internamiento y primera acogida de esta poblaci\u00f3n ofreci\u00e9ndoles unos servicios b\u00e1sicos.<\/p>\n<p>Esta situaci\u00f3n desvel\u00f3 nuevas demandas relacionadas con la necesidad de proporcionar servicios educativos a los menores residentes en el CETI. Las respuestas a esta demanda han variado a lo largo de los a\u00f1os, primero con apoyos educativos dentro del CETI y despu\u00e9s con las primeras escolarizaciones en los centros de la ciudad (a las que nos referiremos en adelante).<\/p>\n<p>La diversidad social y cultural de la ciudad de Melilla requiere una respuesta a las necesidades de una sociedad multicultural y multiling\u00fce ante las que el sistema educativo no debe permanecer ajeno. Para los menores residentes en el CETI, cuyas culturas y lenguas maternas son muy diversas, el centro educativo es el espacio ideal para llevar a cabo esta labor ya que \u00e9ste es un lugar de encuentro de culturas, donde debemos crear un clima de confianza y respeto que excluya cualquier tipo de actitudes incompatibles con una convivencia e integraci\u00f3n plenas.<\/p>\n<p>A lo largo del texto se expone la experiencia educativa en la adquisici\u00f3n del castellano como lengua extranjera desarrollada en el CEIP Le\u00f3n Sol\u00e1 con el alumnado del CETI durante el curso escolar 2011-2012.<\/p>\n<hr \/>\n<p>\u00a0<\/p>\n<\/div><\/div><\/div><\/div><div id=\"pg-257-1\"  class=\"panel-grid panel-no-style\" ><div id=\"pgc-257-1-0\"  class=\"panel-grid-cell panel-grid-cell-empty\" ><\/div><div id=\"pgc-257-1-1\"  class=\"panel-grid-cell panel-grid-cell-mobile-last\" ><div id=\"panel-257-1-1-0\" class=\"so-panel widget widget_black-studio-tinymce widget_black_studio_tinymce panel-first-child panel-last-child\" data-index=\"2\" ><div class=\"textwidget\"><p><div id=\"attachment_258\" style=\"width: 222px\" class=\"wp-caption aligncenter\"><a href=\"http:\/\/www.stes.es\/melilla\/archivos\/libro_diversidad_cultural\/Pdfs\/Diversidad%20Cultural.pdf\"><img loading=\"lazy\" decoding=\"async\" aria-describedby=\"caption-attachment-258\" class=\"wp-image-258 size-medium\" src=\"http:\/\/wpd.ugr.es\/~icufop\/wp-content\/uploads\/Screen-Shot-2015-04-30-at-18.02.18-212x300.png\" alt=\"Diversidad Cultural y Educaci\u00f3n Intercultural\" width=\"212\" height=\"300\" srcset=\"https:\/\/wpd.ugr.es\/~icufop\/wp-content\/uploads\/Screen-Shot-2015-04-30-at-18.02.18-212x300.png 212w, https:\/\/wpd.ugr.es\/~icufop\/wp-content\/uploads\/Screen-Shot-2015-04-30-at-18.02.18.png 478w\" sizes=\"(max-width: 212px) 100vw, 212px\" \/><p id=\"caption-attachment-258\" class=\"wp-caption-text\"><center>Texto completo disponible aqu\u00ed (P\u00e1ginas 107-142)<\/center><\/a><\/p><\/div>nn&nbsp;<\/p>\n<\/div><\/div><\/div><div id=\"pgc-257-1-2\"  class=\"panel-grid-cell panel-grid-cell-empty\" ><\/div><\/div><\/div>","protected":false},"excerpt":{"rendered":"<p>Jos\u00e9 Luis L\u00f3pez Belmonte (coord.)Cap\u00edtulo publicado por Elvira MolinaMelilla muestra la diversidad cultural a cada paso, en la arquitectura, en la gastronom\u00eda, en el vestido y tambi\u00e9n en la variedad de lenguas que se hablan y escuchan en la ciudad. Como reflejo de la sociedad melillense, en los centros educativos se encuentran hablas, lenguajes y [&hellip;]<\/p>\n","protected":false},"author":1,"featured_media":258,"comment_status":"open","ping_status":"open","sticky":false,"template":"","format":"standard","meta":{"_acf_changed":false,"jetpack_post_was_ever_published":false,"_jetpack_newsletter_access":"","_jetpack_dont_email_post_to_subs":false,"_jetpack_newsletter_tier_id":0,"_jetpack_memberships_contains_paywalled_content":false,"_jetpack_memberships_contains_paid_content":false,"footnotes":"","jetpack_publicize_message":"","jetpack_publicize_feature_enabled":true,"jetpack_social_post_already_shared":true,"jetpack_social_options":{"image_generator_settings":{"template":"highway","enabled":false},"version":2}},"categories":[40],"tags":[31,32,33,44,43,45],"jetpack_publicize_connections":[],"acf":[],"jetpack_featured_media_url":"https:\/\/wpd.ugr.es\/~icufop\/wp-content\/uploads\/Screen-Shot-2015-04-30-at-18.02.18.png","jetpack_sharing_enabled":true,"jetpack_shortlink":"https:\/\/wp.me\/p64Oaw-49","_links":{"self":[{"href":"https:\/\/wpd.ugr.es\/~icufop\/wp-json\/wp\/v2\/posts\/257"}],"collection":[{"href":"https:\/\/wpd.ugr.es\/~icufop\/wp-json\/wp\/v2\/posts"}],"about":[{"href":"https:\/\/wpd.ugr.es\/~icufop\/wp-json\/wp\/v2\/types\/post"}],"author":[{"embeddable":true,"href":"https:\/\/wpd.ugr.es\/~icufop\/wp-json\/wp\/v2\/users\/1"}],"replies":[{"embeddable":true,"href":"https:\/\/wpd.ugr.es\/~icufop\/wp-json\/wp\/v2\/comments?post=257"}],"version-history":[{"count":8,"href":"https:\/\/wpd.ugr.es\/~icufop\/wp-json\/wp\/v2\/posts\/257\/revisions"}],"predecessor-version":[{"id":266,"href":"https:\/\/wpd.ugr.es\/~icufop\/wp-json\/wp\/v2\/posts\/257\/revisions\/266"}],"wp:featuredmedia":[{"embeddable":true,"href":"https:\/\/wpd.ugr.es\/~icufop\/wp-json\/wp\/v2\/media\/258"}],"wp:attachment":[{"href":"https:\/\/wpd.ugr.es\/~icufop\/wp-json\/wp\/v2\/media?parent=257"}],"wp:term":[{"taxonomy":"category","embeddable":true,"href":"https:\/\/wpd.ugr.es\/~icufop\/wp-json\/wp\/v2\/categories?post=257"},{"taxonomy":"post_tag","embeddable":true,"href":"https:\/\/wpd.ugr.es\/~icufop\/wp-json\/wp\/v2\/tags?post=257"}],"curies":[{"name":"wp","href":"https:\/\/api.w.org\/{rel}","templated":true}]}}