{"id":370,"date":"2015-06-17T19:34:51","date_gmt":"2015-06-17T19:34:51","guid":{"rendered":"http:\/\/wpd.ugr.es\/~icufop\/?p=370"},"modified":"2015-06-17T19:34:51","modified_gmt":"2015-06-17T19:34:51","slug":"ii-aula-de-investigacion-campus-la-yutera-palencia-universidad-de-valladolid","status":"publish","type":"post","link":"https:\/\/wpd.ugr.es\/~icufop\/ii-aula-de-investigacion-campus-la-yutera-palencia-universidad-de-valladolid\/","title":{"rendered":"II Aula de Investigaci\u00f3n. Campus la Yutera (Palencia). Universidad de Valladolid"},"content":{"rendered":"<p style=\"text-align: justify\"><a href=\"http:\/\/wpd.ugr.es\/~icufop\/wp-content\/uploads\/AULAIcufop-.jpg\"><img loading=\"lazy\" decoding=\"async\" class=\"alignright wp-image-371 size-medium\" src=\"http:\/\/wpd.ugr.es\/~icufop\/wp-content\/uploads\/AULAIcufop--274x300.jpg\" alt=\"AULAIcufop\" width=\"274\" height=\"300\" srcset=\"https:\/\/wpd.ugr.es\/~icufop\/wp-content\/uploads\/AULAIcufop--274x300.jpg 274w, https:\/\/wpd.ugr.es\/~icufop\/wp-content\/uploads\/AULAIcufop-.jpg 518w\" sizes=\"(max-width: 274px) 100vw, 274px\" \/><\/a>Los investigadores <a href=\"http:\/\/wpd.ugr.es\/~icufop\/miembros-icufop\/jose-miguel-gutierrez-pequeno\/\">Jos\u00e9 Miguel Guti\u00e9rrez<\/a> y <a href=\"http:\/\/wpd.ugr.es\/~icufop\/miembros-icufop\/eduardo-fernandez-rodriguez\/\">Eduardo Fern\u00e1ndez\u00a0<\/a>presentaron el Grupo de Investigaci\u00f3n Reconocida de la Universidad de Granada\u00a0ICUFOP (HUM-267) en el <a href=\"http:\/\/www.elnortedecastilla.es\/palencia\/201502\/09\/investigadores-campus-difunden-trabajo-20150209114332.html\">II Aula de Investigaci\u00f3n <\/a>organizado por el Vicerrectorado del Campus la Yutera (Palencia) de la Universidad de Valladolid. Los dos profesores pertenecen a la Facultad de Educaci\u00f3n de Palencia.<\/p>\n<p>rn<\/p>\n<p style=\"text-align: justify\">Unos 70 estudiantes de posgrado y m\u00e1ster asistieron a las explicaciones acerca del GIR y sus l\u00edneas de investigaci\u00f3n\u00a0as\u00ed como a las explicaciones acerca del desarrollo del Proyecto I+D \u00abLa ciudadan\u00eda en los nuevos escenarios escolares y digitales: relaciones e implicaciones en el alumnado de la ESO\u00bb (EDU-2010-18585, BOE 31 de diciembre de 2009).<\/p>\n<p>rn<\/p>\n<p style=\"text-align: justify\">Esta conferencia sirvi\u00f3 como presentaci\u00f3n de la Sede Universidad de Valladolid de ICUFOP ante la comunidad universitaria de Palencia.<\/p>\n","protected":false},"excerpt":{"rendered":"<p>Los investigadores Jos\u00e9 Miguel Guti\u00e9rrez y Eduardo Fern\u00e1ndez\u00a0presentaron el Grupo de Investigaci\u00f3n Reconocida de la Universidad de Granada\u00a0ICUFOP (HUM-267) en el II Aula de Investigaci\u00f3n organizado por el Vicerrectorado del Campus la Yutera (Palencia) de la Universidad de Valladolid. Los dos profesores pertenecen a la Facultad de Educaci\u00f3n de Palencia. rn Unos 70 estudiantes de [&hellip;]<\/p>\n","protected":false},"author":9,"featured_media":0,"comment_status":"open","ping_status":"open","sticky":false,"template":"","format":"standard","meta":{"_acf_changed":false,"jetpack_post_was_ever_published":false,"_jetpack_newsletter_access":"","_jetpack_dont_email_post_to_subs":false,"_jetpack_newsletter_tier_id":0,"_jetpack_memberships_contains_paywalled_content":false,"_jetpack_memberships_contains_paid_content":false,"footnotes":"","jetpack_publicize_message":"","jetpack_publicize_feature_enabled":true,"jetpack_social_post_already_shared":true,"jetpack_social_options":{"image_generator_settings":{"template":"highway","enabled":false},"version":2}},"categories":[30],"tags":[16,66,49,57,47],"jetpack_publicize_connections":[],"acf":[],"jetpack_featured_media_url":"","jetpack_sharing_enabled":true,"jetpack_shortlink":"https:\/\/wp.me\/p64Oaw-5Y","_links":{"self":[{"href":"https:\/\/wpd.ugr.es\/~icufop\/wp-json\/wp\/v2\/posts\/370"}],"collection":[{"href":"https:\/\/wpd.ugr.es\/~icufop\/wp-json\/wp\/v2\/posts"}],"about":[{"href":"https:\/\/wpd.ugr.es\/~icufop\/wp-json\/wp\/v2\/types\/post"}],"author":[{"embeddable":true,"href":"https:\/\/wpd.ugr.es\/~icufop\/wp-json\/wp\/v2\/users\/9"}],"replies":[{"embeddable":true,"href":"https:\/\/wpd.ugr.es\/~icufop\/wp-json\/wp\/v2\/comments?post=370"}],"version-history":[{"count":3,"href":"https:\/\/wpd.ugr.es\/~icufop\/wp-json\/wp\/v2\/posts\/370\/revisions"}],"predecessor-version":[{"id":374,"href":"https:\/\/wpd.ugr.es\/~icufop\/wp-json\/wp\/v2\/posts\/370\/revisions\/374"}],"wp:attachment":[{"href":"https:\/\/wpd.ugr.es\/~icufop\/wp-json\/wp\/v2\/media?parent=370"}],"wp:term":[{"taxonomy":"category","embeddable":true,"href":"https:\/\/wpd.ugr.es\/~icufop\/wp-json\/wp\/v2\/categories?post=370"},{"taxonomy":"post_tag","embeddable":true,"href":"https:\/\/wpd.ugr.es\/~icufop\/wp-json\/wp\/v2\/tags?post=370"}],"curies":[{"name":"wp","href":"https:\/\/api.w.org\/{rel}","templated":true}]}}