{"id":391,"date":"2015-07-21T22:56:12","date_gmt":"2015-07-21T22:56:12","guid":{"rendered":"http:\/\/wpd.ugr.es\/~icufop\/?p=391"},"modified":"2015-07-21T23:34:34","modified_gmt":"2015-07-21T23:34:34","slug":"la-mejora-de-la-competencia-en-comunicacion-linguistica-alehop-y-la-experiencia-en-un-contexto-desfavorecido","status":"publish","type":"post","link":"https:\/\/wpd.ugr.es\/~icufop\/la-mejora-de-la-competencia-en-comunicacion-linguistica-alehop-y-la-experiencia-en-un-contexto-desfavorecido\/","title":{"rendered":"La mejora de la competencia en comunicaci\u00f3n ling\u00fc\u00edstica :  \u00abAlehop\u00bb y la experiencia en un contexto desfavorecido"},"content":{"rendered":"<p><div id=\"attachment_392\" style=\"width: 222px\" class=\"wp-caption alignright\"><a href=\"http:\/\/wpd.ugr.es\/~icufop\/wp-content\/uploads\/n6portadawebcee.jpg\"><img loading=\"lazy\" decoding=\"async\" aria-describedby=\"caption-attachment-392\" class=\"wp-image-392 size-medium\" src=\"http:\/\/wpd.ugr.es\/~icufop\/wp-content\/uploads\/n6portadawebcee-212x300.jpg\" alt=\"Portada del n\u00ba 6 de la revista Participaci\u00f3n Educativa del Consejo Escolar del Estado\" width=\"212\" height=\"300\" srcset=\"https:\/\/wpd.ugr.es\/~icufop\/wp-content\/uploads\/n6portadawebcee-212x300.jpg 212w, https:\/\/wpd.ugr.es\/~icufop\/wp-content\/uploads\/n6portadawebcee.jpg 530w\" sizes=\"(max-width: 212px) 100vw, 212px\" \/><\/a><p id=\"caption-attachment-392\" class=\"wp-caption-text\">Portada del n\u00ba 6 de la revista Participaci\u00f3n Educativa del Consejo Escolar del Estado<\/p><\/div>rn<\/p>\n<h4>Elvira Molina Fern\u00e1ndez<\/h4>\n<p>rnEl n\u00famero 6 de la revista Participaci\u00f3n Educativa del Consejo Escolar del Estado recoge el desarrollo y los resultados del programa Alehop que tiene como objetivo mejorar la competencia comunicativa del alumnado desde un enfoque comunicativo, dialogado y respetuoso.rnrn<\/p>\n<hr \/>\n<p>rnrnTexto disponible en: <a href=\"http:\/\/ntic.educacion.es\/cee\/revista\/n6\/pdfs\/n6art10_elviramolina.pdf\">Revista Participaci\u00f3n Educativa<\/a>rnrn&nbsp;<\/p>\n","protected":false},"excerpt":{"rendered":"<p>rn Elvira Molina Fern\u00e1ndez rnEl n\u00famero 6 de la revista Participaci\u00f3n Educativa del Consejo Escolar del Estado recoge el desarrollo y los resultados del programa Alehop que tiene como objetivo mejorar la competencia comunicativa del alumnado desde un enfoque comunicativo, dialogado y respetuoso.rnrn rnrnTexto disponible en: Revista Participaci\u00f3n Educativarnrn&nbsp;<\/p>\n","protected":false},"author":1,"featured_media":392,"comment_status":"open","ping_status":"open","sticky":false,"template":"","format":"standard","meta":{"_acf_changed":false,"jetpack_post_was_ever_published":false,"_jetpack_newsletter_access":"","_jetpack_dont_email_post_to_subs":false,"_jetpack_newsletter_tier_id":0,"_jetpack_memberships_contains_paywalled_content":false,"_jetpack_memberships_contains_paid_content":false,"footnotes":"","jetpack_publicize_message":"","jetpack_publicize_feature_enabled":true,"jetpack_social_post_already_shared":true,"jetpack_social_options":{"image_generator_settings":{"template":"highway","enabled":false},"version":2}},"categories":[29],"tags":[31,35,32,33,74,73,71,72],"jetpack_publicize_connections":[],"acf":[],"jetpack_featured_media_url":"https:\/\/wpd.ugr.es\/~icufop\/wp-content\/uploads\/n6portadawebcee.jpg","jetpack_sharing_enabled":true,"jetpack_shortlink":"https:\/\/wp.me\/p64Oaw-6j","_links":{"self":[{"href":"https:\/\/wpd.ugr.es\/~icufop\/wp-json\/wp\/v2\/posts\/391"}],"collection":[{"href":"https:\/\/wpd.ugr.es\/~icufop\/wp-json\/wp\/v2\/posts"}],"about":[{"href":"https:\/\/wpd.ugr.es\/~icufop\/wp-json\/wp\/v2\/types\/post"}],"author":[{"embeddable":true,"href":"https:\/\/wpd.ugr.es\/~icufop\/wp-json\/wp\/v2\/users\/1"}],"replies":[{"embeddable":true,"href":"https:\/\/wpd.ugr.es\/~icufop\/wp-json\/wp\/v2\/comments?post=391"}],"version-history":[{"count":5,"href":"https:\/\/wpd.ugr.es\/~icufop\/wp-json\/wp\/v2\/posts\/391\/revisions"}],"predecessor-version":[{"id":397,"href":"https:\/\/wpd.ugr.es\/~icufop\/wp-json\/wp\/v2\/posts\/391\/revisions\/397"}],"wp:featuredmedia":[{"embeddable":true,"href":"https:\/\/wpd.ugr.es\/~icufop\/wp-json\/wp\/v2\/media\/392"}],"wp:attachment":[{"href":"https:\/\/wpd.ugr.es\/~icufop\/wp-json\/wp\/v2\/media?parent=391"}],"wp:term":[{"taxonomy":"category","embeddable":true,"href":"https:\/\/wpd.ugr.es\/~icufop\/wp-json\/wp\/v2\/categories?post=391"},{"taxonomy":"post_tag","embeddable":true,"href":"https:\/\/wpd.ugr.es\/~icufop\/wp-json\/wp\/v2\/tags?post=391"}],"curies":[{"name":"wp","href":"https:\/\/api.w.org\/{rel}","templated":true}]}}