{"id":408,"date":"2015-07-22T19:47:01","date_gmt":"2015-07-22T19:47:01","guid":{"rendered":"http:\/\/wpd.ugr.es\/~icufop\/?p=408"},"modified":"2015-07-22T19:52:47","modified_gmt":"2015-07-22T19:52:47","slug":"desarrollo-territorial-y-cohesion-social-en-america-latina-la-vision-de-las-pyme","status":"publish","type":"post","link":"https:\/\/wpd.ugr.es\/~icufop\/desarrollo-territorial-y-cohesion-social-en-america-latina-la-vision-de-las-pyme\/","title":{"rendered":"Desarrollo territorial y cohesi\u00f3n social en Am\u00e9rica Latina: la visi\u00f3n de las PyME"},"content":{"rendered":"<h4>Giorgio Alberti, <a href=\"http:\/\/wpd.ugr.es\/~icufop\/miembros-icufop\/jose-luis-villena\/\" target=\"_blank\">Jos\u00e9 Luis Villena Higueras<\/a> y Martha Beatriz Peluffo (Coords.). Editorial Octaedro<\/h4>\n<p>rn<div id=\"attachment_410\" style=\"width: 292px\" class=\"wp-caption alignright\"><a href=\"http:\/\/wpd.ugr.es\/~icufop\/wp-content\/uploads\/Cubierta-Desarrollo-Territorial.jpg\"><img loading=\"lazy\" decoding=\"async\" aria-describedby=\"caption-attachment-410\" class=\"wp-image-410 size-medium\" src=\"http:\/\/wpd.ugr.es\/~icufop\/wp-content\/uploads\/Cubierta-Desarrollo-Territorial-282x300.jpg\" alt=\"Cubierta Desarrollo Territorial\" width=\"282\" height=\"300\" srcset=\"https:\/\/wpd.ugr.es\/~icufop\/wp-content\/uploads\/Cubierta-Desarrollo-Territorial-282x300.jpg 282w, https:\/\/wpd.ugr.es\/~icufop\/wp-content\/uploads\/Cubierta-Desarrollo-Territorial.jpg 807w\" sizes=\"(max-width: 282px) 100vw, 282px\" \/><\/a><p id=\"caption-attachment-410\" class=\"wp-caption-text\">Desarrollo territorial y cohesi\u00f3n social en Am\u00e9rica Latina: La visi\u00f3n de las PyME<\/p><\/div>rnrnLas peque\u00f1as y medianas empresas constituyen un componente central de la estructura industrial de los pa\u00edses de Am\u00e9rica Latina y del sur de Europa. Es indudable su contribuci\u00f3n a elementos determinantes como el PIB y el empleo. Pero tambi\u00e9n a la cohesi\u00f3n social y el desarrollo territorial, con implicaciones obvias en todos los \u00e1mbitos, como la educaci\u00f3n, la sanidad, etc. A pesar de ello, la mayor parte de estos pa\u00edses carecen de informaci\u00f3n m\u00ednima e indispensable para poder formular y adoptar adecuadas pol\u00edticas sectoriales y territoriales, tomar decisiones de inversi\u00f3n, tanto en un plano interno como internacional, y proponer pol\u00edticas de desarrollo a partir de informaci\u00f3n confiable, peri\u00f3dica y comparativa.rnrnEl presente texto, que nace en el \u00e1mbito de la Red PYMESALCUE del Proyecto VertebrALCUE del Programa ALFA III, parcialmente financiado por la Comisi\u00f3n Europea, pretende contribuir a llenar este vac\u00edo proponiendo una metodolog\u00eda de recolecci\u00f3n y an\u00e1lisis de datos acerca de la localizaci\u00f3n, estructura y performance de las PyME, tanto a nivel nacional como (inter)continental.rnrnEn la primera parte de la obra se considera la situaci\u00f3n de las PyME en interacci\u00f3n con el desarrollo local. Se destaca el rol central de las alianzas estrat\u00e9gicas entre las principales instituciones del territorio \u2013gobiernos, tejido productivo y universidades\u2013 para crear un entorno socioinstitucional de sinergia e innovaci\u00f3n. Luego se relata y analiza la constituci\u00f3n y desarrollo de la Fundaci\u00f3n Observatorio PYMES (FOP) en Argentina y su contribuci\u00f3n a la producci\u00f3n de informaci\u00f3n para la acci\u00f3n p\u00fablica y privada. Asimismo, se se\u00f1ala c\u00f3mo la FOP puede constituir una buena pr\u00e1ctica, f\u00e1cilmente replicable en otros contextos. Siguen cap\u00edtulos sobre la situaci\u00f3n de las PyME en Bolivia, Chile, Per\u00fa, Nicaragua y Espa\u00f1a.rnrnLa \u00faltima parte est\u00e1 dedicada a la propuesta de construcci\u00f3n de un observatorio euro-latinoamericano, con precisas indicaciones metodol\u00f3gicas y operativas. Se concluye argumentando su potencial y significativo uso como instrumento de internacionalizaci\u00f3n de las PyME y su contribuci\u00f3n al desarrollo de los pueblos y sus territorios en el mundo globalizado.rnrn<\/p>\n<hr \/>\n<p>rnrn- Se encuentra donado en la biblioteca de las principales universidades espa\u00f1olas y latinoamericanas.rnrn- Muestra descargable gratuita: <a href=\"http:\/\/www.octaedro.com\/downloadf.asp?m=16054.pdf\" target=\"_blank\">http:\/\/www.octaedro.com\/downloadf.asp?m=16054.pdf<\/a>rnrn- Adem\u00e1s, se puede adquirir tanto en formato f\u00edsico como en e-Book en: <a href=\"http:\/\/goo.gl\/mB4Vfl\" target=\"_blank\">http:\/\/goo.gl\/mB4Vfl<\/a><\/p>\n","protected":false},"excerpt":{"rendered":"<p>Giorgio Alberti, Jos\u00e9 Luis Villena Higueras y Martha Beatriz Peluffo (Coords.). Editorial Octaedro rnrnrnLas peque\u00f1as y medianas empresas constituyen un componente central de la estructura industrial de los pa\u00edses de Am\u00e9rica Latina y del sur de Europa. Es indudable su contribuci\u00f3n a elementos determinantes como el PIB y el empleo. Pero tambi\u00e9n a la cohesi\u00f3n [&hellip;]<\/p>\n","protected":false},"author":1,"featured_media":410,"comment_status":"open","ping_status":"open","sticky":false,"template":"","format":"standard","meta":{"_acf_changed":false,"jetpack_post_was_ever_published":false,"_jetpack_newsletter_access":"","_jetpack_dont_email_post_to_subs":false,"_jetpack_newsletter_tier_id":0,"_jetpack_memberships_contains_paywalled_content":false,"_jetpack_memberships_contains_paid_content":false,"footnotes":"","jetpack_publicize_message":"","jetpack_publicize_feature_enabled":true,"jetpack_social_post_already_shared":true,"jetpack_social_options":{"image_generator_settings":{"template":"highway","enabled":false},"version":2}},"categories":[8],"tags":[84,21,80,83,82,81],"jetpack_publicize_connections":[],"acf":[],"jetpack_featured_media_url":"https:\/\/wpd.ugr.es\/~icufop\/wp-content\/uploads\/Cubierta-Desarrollo-Territorial.jpg","jetpack_sharing_enabled":true,"jetpack_shortlink":"https:\/\/wp.me\/p64Oaw-6A","_links":{"self":[{"href":"https:\/\/wpd.ugr.es\/~icufop\/wp-json\/wp\/v2\/posts\/408"}],"collection":[{"href":"https:\/\/wpd.ugr.es\/~icufop\/wp-json\/wp\/v2\/posts"}],"about":[{"href":"https:\/\/wpd.ugr.es\/~icufop\/wp-json\/wp\/v2\/types\/post"}],"author":[{"embeddable":true,"href":"https:\/\/wpd.ugr.es\/~icufop\/wp-json\/wp\/v2\/users\/1"}],"replies":[{"embeddable":true,"href":"https:\/\/wpd.ugr.es\/~icufop\/wp-json\/wp\/v2\/comments?post=408"}],"version-history":[{"count":1,"href":"https:\/\/wpd.ugr.es\/~icufop\/wp-json\/wp\/v2\/posts\/408\/revisions"}],"predecessor-version":[{"id":411,"href":"https:\/\/wpd.ugr.es\/~icufop\/wp-json\/wp\/v2\/posts\/408\/revisions\/411"}],"wp:featuredmedia":[{"embeddable":true,"href":"https:\/\/wpd.ugr.es\/~icufop\/wp-json\/wp\/v2\/media\/410"}],"wp:attachment":[{"href":"https:\/\/wpd.ugr.es\/~icufop\/wp-json\/wp\/v2\/media?parent=408"}],"wp:term":[{"taxonomy":"category","embeddable":true,"href":"https:\/\/wpd.ugr.es\/~icufop\/wp-json\/wp\/v2\/categories?post=408"},{"taxonomy":"post_tag","embeddable":true,"href":"https:\/\/wpd.ugr.es\/~icufop\/wp-json\/wp\/v2\/tags?post=408"}],"curies":[{"name":"wp","href":"https:\/\/api.w.org\/{rel}","templated":true}]}}