{"id":13111,"date":"2025-07-09T10:34:07","date_gmt":"2025-07-09T08:34:07","guid":{"rendered":"https:\/\/wpd.ugr.es\/~imag\/?p=13111"},"modified":"2025-07-09T11:00:16","modified_gmt":"2025-07-09T09:00:16","slug":"joaquin-perez-franc-forstneric-y-thomas-schlumprecht-conferenciantes-del-imag-en-el-icm-de-filadelfia-2026","status":"publish","type":"post","link":"https:\/\/wpd.ugr.es\/~imag\/joaquin-perez-franc-forstneric-y-thomas-schlumprecht-conferenciantes-del-imag-en-el-icm-de-filadelfia-2026\/","title":{"rendered":"Joaqu\u00edn P\u00e9rez, Franc Forstneri\u010d y Thomas Schlumprecht conferenciantes del IMAG en el ICM de Filadelfia 2026"},"content":{"rendered":"<p>La Uni\u00f3n Matem\u00e1tica Internacional (IMU) ha hecho p\u00fablicos los nombres de los conferenciantes del pr\u00f3ximo Congreso Internacional de Matem\u00e1ticas (ICM), que se celebrar\u00e1 en Filadelfia (EEUU) en 2026.<\/p>\n<p>Felicitamos a los miembros del IMAG, Joaqu\u00edn P\u00e9rez y Franc Forstneri\u010d, as\u00ed como a Thomas Schlumprecht del Comit\u00e9 Cient\u00edfico Externo, conferenciantes en \u201cSection Lectures\u201d, as\u00ed como a los otros conferenciantes espa\u00f1oles:  Xavier Tolsa (Plenary speaker), David Asper\u00f3, Xavier Cabr\u00e9, Gabriel Navarro, Joaquim Ortega Cerd\u00e0, Javier Parcet, David P\u00e9rez-Garc\u00eda (Section Lectures), Enrique Zuaz\u00faa (Special Section Lectures), N\u00faria Planas, \u00c1gata Tim\u00f3n Garc\u00eda-Longoria, M. Pilar V\u00e9lez (Roundtables).<\/p>\n<p>M\u00e1s informaci\u00f3n en:<br \/>\n<a href=\"https:\/\/www.icm2026.org\/event\/ac193975-5d24-4628-8c30-ddb23de19a8b\/speakers\">https:\/\/www.icm2026.org\/event\/ac193975-5d24-4628-8c30-ddb23de19a8b\/speakers<\/a><\/p>\n","protected":false},"excerpt":{"rendered":"<p>La Uni\u00f3n Matem\u00e1tica Internacional (IMU) ha hecho p\u00fablicos los nombres de los conferenciantes del pr\u00f3ximo Congreso Internacional de Matem\u00e1ticas (ICM), que se celebrar\u00e1 en Filadelfia (EEUU) en 2026. Felicitamos a los miembros del IMAG, Joaqu\u00edn P\u00e9rez y Franc Forstneri\u010d, as\u00ed como a Thomas Schlumprecht del Comit\u00e9 Cient\u00edfico Externo, conferenciantes en<span class=\"more-link\"><a href=\"https:\/\/wpd.ugr.es\/~imag\/joaquin-perez-franc-forstneric-y-thomas-schlumprecht-conferenciantes-del-imag-en-el-icm-de-filadelfia-2026\/\">Continue Reading<\/a><\/span><\/p>\n","protected":false},"author":1,"featured_media":13112,"comment_status":"closed","ping_status":"open","sticky":false,"template":"","format":"standard","meta":{"footnotes":""},"categories":[29,33,28,39],"tags":[],"translation":{"provider":"WPGlobus","version":"3.0.0","language":"en","enabled_languages":["en"],"languages":{"en":{"title":true,"content":true,"excerpt":false}}},"_links":{"self":[{"href":"https:\/\/wpd.ugr.es\/~imag\/wp-json\/wp\/v2\/posts\/13111"}],"collection":[{"href":"https:\/\/wpd.ugr.es\/~imag\/wp-json\/wp\/v2\/posts"}],"about":[{"href":"https:\/\/wpd.ugr.es\/~imag\/wp-json\/wp\/v2\/types\/post"}],"author":[{"embeddable":true,"href":"https:\/\/wpd.ugr.es\/~imag\/wp-json\/wp\/v2\/users\/1"}],"replies":[{"embeddable":true,"href":"https:\/\/wpd.ugr.es\/~imag\/wp-json\/wp\/v2\/comments?post=13111"}],"version-history":[{"count":4,"href":"https:\/\/wpd.ugr.es\/~imag\/wp-json\/wp\/v2\/posts\/13111\/revisions"}],"predecessor-version":[{"id":13114,"href":"https:\/\/wpd.ugr.es\/~imag\/wp-json\/wp\/v2\/posts\/13111\/revisions\/13114"}],"wp:featuredmedia":[{"embeddable":true,"href":"https:\/\/wpd.ugr.es\/~imag\/wp-json\/wp\/v2\/media\/13112"}],"wp:attachment":[{"href":"https:\/\/wpd.ugr.es\/~imag\/wp-json\/wp\/v2\/media?parent=13111"}],"wp:term":[{"taxonomy":"category","embeddable":true,"href":"https:\/\/wpd.ugr.es\/~imag\/wp-json\/wp\/v2\/categories?post=13111"},{"taxonomy":"post_tag","embeddable":true,"href":"https:\/\/wpd.ugr.es\/~imag\/wp-json\/wp\/v2\/tags?post=13111"}],"curies":[{"name":"wp","href":"https:\/\/api.w.org\/{rel}","templated":true}]}}