{"id":7275,"date":"2021-07-10T14:55:29","date_gmt":"2021-07-10T12:55:29","guid":{"rendered":"https:\/\/wpd.ugr.es\/~iemath\/?p=7275"},"modified":"2021-07-10T14:55:29","modified_gmt":"2021-07-10T12:55:29","slug":"beca-predoctoral-en-analisis-geometrico-universidad-de-jaen","status":"publish","type":"post","link":"https:\/\/wpd.ugr.es\/~imag\/beca-predoctoral-en-analisis-geometrico-universidad-de-jaen\/","title":{"rendered":"Beca predoctoral en An\u00e1lisis Geom\u00e9trico &#8211; Universidad de Ja\u00e9n"},"content":{"rendered":"<p>La Universidad de Ja\u00e9n oferta una beca predoctoral para realizar una tesis doctoral en An\u00e1lisis Geom\u00e9trico (m\u00e1s concretamente en superficies de curvatura media constante en espacios homog\u00e9neos), que ser\u00e1 codirigida por Jos\u00e9 Miguel Manzano (Investigador Ram\u00f3n y Cajal) e Ildefonso Castro (Catedr\u00e1tico de Universidad) en el Departamento de Matem\u00e1ticas de dicha universidad. La duraci\u00f3n del contrato es de 4 a\u00f1os para empezar probablemente en octubre de 2021 y las tareas a desarrollar durante ese per\u00edodo ser\u00edan principalmente investigaci\u00f3n, docencia opcional hasta 60 horas desde el primer a\u00f1o y eventual colaboraci\u00f3n en las tareas del departamento. Tambi\u00e9n existe la posibilidad de que el \u00faltimo a\u00f1o de contrato sea de car\u00e1cter posdoctoral si se ha defendido la tesis al finalizar el tercer a\u00f1o. Los\/as potenciales candidatos\/as deben estar en posesi\u00f3n del t\u00edtulo de m\u00e1ster o tener resguardo de haberlo solicitado. Toda la informaci\u00f3n sobre los requisitos y el proceso de solicitud, incluyendo los documentos a presentar, se encuentra en los enlaces al final de este mensaje. No obstante, se recomienda a los interesados\/as que se pongan en contacto con Jos\u00e9 Miguel Manzano a trav\u00e9s de la direcci\u00f3n <a href=\"mailto:jmprego@ujaen.es\">jmprego@ujaen.es<\/a> para resolver posibles dudas y formalizar algunos de los documentos necesarios para la solicitud.<\/p>\n<p><b>El per\u00edodo de solicitud finaliza el 3 de agosto de 2021.<\/b><\/p>\n<p>Resoluci\u00f3n de 28 de junio de 2021, de la Universidad de Ja\u00e9n, por la que se publican las bases reguladoras y la convocatoria para la concesi\u00f3n de \u00abAyudas predoctorales para la Formacion de Personal Investigador\u00bb con cargo a la Acci\u00f3n 8.a) del Plan Operativo de Apoyo a la Investigaci\u00f3n de la Universidad de Ja\u00e9n (2021-2022) (Convocatoria 1\/2021).<\/p>\n<p>Publicaci\u00f3n en BOJA: <a href=\"https:\/\/www.juntadeandalucia.es\/boja\/2021\/128\/BOJA21-128-00013-11338-01_00195164.pdf\" rel=\"noopener\" target=\"_blank\">BOJA21-128-00013-11338-01_00195164.pdf<\/a><\/p>\n<p>Publicaci\u00f3n en la web de la UJA: <a href=\"accion-8-ayudas-para-incentivar-la-incorporacion-de-personal-investigador-de-excelencia-la\" rel=\"noopener\" target=\"_blank\">https:\/\/www.ujaen.es\/investigacion-y-transferencia\/accion-8-ayudas-para-incentivar-la-incorporacion-de-personal-investigador-de-excelencia-la<\/a><\/p>\n","protected":false},"excerpt":{"rendered":"<p>La Universidad de Ja\u00e9n oferta una beca predoctoral para realizar una tesis doctoral en An\u00e1lisis Geom\u00e9trico (m\u00e1s concretamente en superficies de curvatura media constante en espacios homog\u00e9neos), que ser\u00e1 codirigida por Jos\u00e9 Miguel Manzano (Investigador Ram\u00f3n y Cajal) e Ildefonso Castro (Catedr\u00e1tico de Universidad) en el Departamento de Matem\u00e1ticas de<span class=\"more-link\"><a href=\"https:\/\/wpd.ugr.es\/~imag\/beca-predoctoral-en-analisis-geometrico-universidad-de-jaen\/\">Continue Reading<\/a><\/span><\/p>\n","protected":false},"author":1,"featured_media":0,"comment_status":"closed","ping_status":"open","sticky":false,"template":"","format":"standard","meta":{"footnotes":""},"categories":[29,28,1],"tags":[],"translation":{"provider":"WPGlobus","version":"3.0.0","language":"en","enabled_languages":["en"],"languages":{"en":{"title":true,"content":true,"excerpt":false}}},"_links":{"self":[{"href":"https:\/\/wpd.ugr.es\/~imag\/wp-json\/wp\/v2\/posts\/7275"}],"collection":[{"href":"https:\/\/wpd.ugr.es\/~imag\/wp-json\/wp\/v2\/posts"}],"about":[{"href":"https:\/\/wpd.ugr.es\/~imag\/wp-json\/wp\/v2\/types\/post"}],"author":[{"embeddable":true,"href":"https:\/\/wpd.ugr.es\/~imag\/wp-json\/wp\/v2\/users\/1"}],"replies":[{"embeddable":true,"href":"https:\/\/wpd.ugr.es\/~imag\/wp-json\/wp\/v2\/comments?post=7275"}],"version-history":[{"count":2,"href":"https:\/\/wpd.ugr.es\/~imag\/wp-json\/wp\/v2\/posts\/7275\/revisions"}],"predecessor-version":[{"id":7277,"href":"https:\/\/wpd.ugr.es\/~imag\/wp-json\/wp\/v2\/posts\/7275\/revisions\/7277"}],"wp:attachment":[{"href":"https:\/\/wpd.ugr.es\/~imag\/wp-json\/wp\/v2\/media?parent=7275"}],"wp:term":[{"taxonomy":"category","embeddable":true,"href":"https:\/\/wpd.ugr.es\/~imag\/wp-json\/wp\/v2\/categories?post=7275"},{"taxonomy":"post_tag","embeddable":true,"href":"https:\/\/wpd.ugr.es\/~imag\/wp-json\/wp\/v2\/tags?post=7275"}],"curies":[{"name":"wp","href":"https:\/\/api.w.org\/{rel}","templated":true}]}}