{"id":9325,"date":"2022-10-28T13:47:08","date_gmt":"2022-10-28T11:47:08","guid":{"rendered":"https:\/\/wpd.ugr.es\/~imag\/?p=9325"},"modified":"2022-10-28T13:57:02","modified_gmt":"2022-10-28T11:57:02","slug":"convocatoria-de-contratos-predoctorales-unidad-de-excelencia-maria-de-maeztu-imag","status":"publish","type":"post","link":"https:\/\/wpd.ugr.es\/~imag\/convocatoria-de-contratos-predoctorales-unidad-de-excelencia-maria-de-maeztu-imag\/","title":{"rendered":"CONVOCATORIA DE CONTRATOS PREDOCTORALES &#8211; Unidad de Excelencia \u201cMar\u00eda de Maeztu\u201d IMAG"},"content":{"rendered":"<p>Resoluci\u00f3n de 27  de octubre de 2022, de la Universidad de Granada, por la que se aprueba la convocatoria, correspondiente al a\u00f1o 2022, de ayudas para contratos predoctorales con cargo a la Unidad de Excelencia \u201cMar\u00eda de Maeztu\u201d IMAG CEX2020-001105-M de la Universidad de Granada.<\/p>\n<p>Las personas contratadas desarrollar\u00e1n tareas de investigaci\u00f3n en el seno del IMAG, en los campos de investigaci\u00f3n en Matem\u00e1ticas.<\/`p><\/p>\n<p>Las ayudas tienen como finalidad la formaci\u00f3n inicial de personas investigadoras mediante la financiaci\u00f3n de contratos laborales, bajo la modalidad de contrato predoctoral, a fin de que las personas investigadoras en formaci\u00f3n realicen una tesis doctoral asociada a una l\u00ednea de investigaci\u00f3n.<\/p>\n<p>Puede consultar toda la informaci\u00f3n sobre la convocatoria <a href=\"https:\/\/wpd.ugr.es\/~imag\/imag-maria-de-maeztu-predocs\/\">aqu\u00ed.<\/a><\/p>\n","protected":false},"excerpt":{"rendered":"<p>Resoluci\u00f3n de 27  de octubre de 2022, de la Universidad de Granada, por la que se aprueba la convocatoria, correspondiente al a\u00f1o 2022, de ayudas para contratos predoctorales con cargo a la Unidad de Excelencia \u201cMar\u00eda de Maeztu\u201d IMAG CEX2020-001105-M de la Universidad de Granada.<span class=\"more-link\"><a href=\"https:\/\/wpd.ugr.es\/~imag\/convocatoria-de-contratos-predoctorales-unidad-de-excelencia-maria-de-maeztu-imag\/\">Continue Reading<\/a><\/span><\/p>\n","protected":false},"author":1,"featured_media":7917,"comment_status":"closed","ping_status":"closed","sticky":false,"template":"","format":"standard","meta":{"footnotes":""},"categories":[29,28,39],"tags":[],"translation":{"provider":"WPGlobus","version":"3.0.0","language":"en","enabled_languages":["en"],"languages":{"en":{"title":true,"content":true,"excerpt":true}}},"_links":{"self":[{"href":"https:\/\/wpd.ugr.es\/~imag\/wp-json\/wp\/v2\/posts\/9325"}],"collection":[{"href":"https:\/\/wpd.ugr.es\/~imag\/wp-json\/wp\/v2\/posts"}],"about":[{"href":"https:\/\/wpd.ugr.es\/~imag\/wp-json\/wp\/v2\/types\/post"}],"author":[{"embeddable":true,"href":"https:\/\/wpd.ugr.es\/~imag\/wp-json\/wp\/v2\/users\/1"}],"replies":[{"embeddable":true,"href":"https:\/\/wpd.ugr.es\/~imag\/wp-json\/wp\/v2\/comments?post=9325"}],"version-history":[{"count":3,"href":"https:\/\/wpd.ugr.es\/~imag\/wp-json\/wp\/v2\/posts\/9325\/revisions"}],"predecessor-version":[{"id":9327,"href":"https:\/\/wpd.ugr.es\/~imag\/wp-json\/wp\/v2\/posts\/9325\/revisions\/9327"}],"wp:featuredmedia":[{"embeddable":true,"href":"https:\/\/wpd.ugr.es\/~imag\/wp-json\/wp\/v2\/media\/7917"}],"wp:attachment":[{"href":"https:\/\/wpd.ugr.es\/~imag\/wp-json\/wp\/v2\/media?parent=9325"}],"wp:term":[{"taxonomy":"category","embeddable":true,"href":"https:\/\/wpd.ugr.es\/~imag\/wp-json\/wp\/v2\/categories?post=9325"},{"taxonomy":"post_tag","embeddable":true,"href":"https:\/\/wpd.ugr.es\/~imag\/wp-json\/wp\/v2\/tags?post=9325"}],"curies":[{"name":"wp","href":"https:\/\/api.w.org\/{rel}","templated":true}]}}