{"id":1692,"date":"2025-06-14T11:21:32","date_gmt":"2025-06-14T11:21:32","guid":{"rendered":"https:\/\/wpd.ugr.es\/~sig.proc.audiology\/?p=1692"},"modified":"2026-04-08T11:49:52","modified_gmt":"2026-04-08T11:49:52","slug":"ierasg-2025","status":"publish","type":"post","link":"https:\/\/wpd.ugr.es\/~sig.proc.audiology\/2025\/ierasg-2025\/","title":{"rendered":"XXIX-IERASG Symposium, Boulder, Colorado (USA)"},"content":{"rendered":"\n<p>We have attended to the <a href=\"https:\/\/ierasg25.org\/\" data-type=\"link\" data-id=\"https:\/\/ierasg23.com\/#\/program\" target=\"_blank\" rel=\"noreferrer noopener\">29th Biennial Symposium of the International Evoked Response Audiometry Study Group (IERASG)<\/a>, in Boulder, Colorado (USA) from 14th to 18th of June 2025.<br><br><a href=\"http:\/\/ierasg.org\/about-us\/words-from-chair\/\" data-type=\"link\" data-id=\"http:\/\/ierasg.org\/about-us\/words-from-chair\/\" target=\"_blank\" rel=\"noreferrer noopener\">IERASG<\/a> is a society that provides an open forum to advance global understanding and practice in the field of evoked responses. IERASG meets once every two years at the Biennial Symposium, and is an affiliate member of the <a href=\"https:\/\/isa-audiology.org\/\" data-type=\"link\" data-id=\"https:\/\/isa-audiology.org\/\" target=\"_blank\" rel=\"noreferrer noopener\">International Society of Audiology<\/a>. <\/p>\n\n\n\n<figure class=\"wp-block-image size-large is-resized\"><img decoding=\"async\" src=\"https:\/\/wpd.ugr.es\/~sig.proc.audiology\/wp-content\/uploads\/2026\/03\/UMC_Exteriorcopy.jpg\" alt=\"\" class=\"wp-image-1152\" style=\"width:688px;height:auto\"\/><\/figure>\n\n\n\n<p>At the IERASG-2025 symposium, we presented four contributions:<\/p>\n\n\n\n\n\n<div class=\"wp-block-group is-vertical is-layout-flex wp-container-core-group-is-layout-41fdfdc5 wp-block-group-is-layout-flex\">\n<div class=\"wp-block-group alignfull is-vertical is-layout-flex wp-container-core-group-is-layout-4b827052 wp-block-group-is-layout-flex\">\n<p class=\"has-small-font-size\" style=\"padding-top:0;padding-right:0;padding-bottom:0;padding-left:0\"><strong>Frequency specific objective AEP-based assessment of hearing perception in noise<\/strong><br>Chiquero F, Alvarez IM, M\u00fcller N, de la Torre A, Mart\u00edn-Lagos J, Vargas JL.<br>XXIX International Evoked Response Audiometry Study Group (IERASG) Biennial Symposium, Boulder, Colorado, EEUU (June 14-18, <strong>2025<\/strong>)<br>[<em><a href=\"https:\/\/wpd.ugr.es\/~sig.proc.audiology\/wp-content\/uploads\/2026\/03\/abstract_IERASG2025_UGR_1_tones.pdf\" data-type=\"attachment\" data-id=\"940\" target=\"_blank\" rel=\"noreferrer noopener\">Abstract<\/a><\/em>, <a href=\"https:\/\/wpd.ugr.es\/~sig.proc.audiology\/wp-content\/uploads\/2026\/03\/presentation_IERASG_2025_UGR_1_tones.pdf\" data-type=\"attachment\" data-id=\"1161\" target=\"_blank\" rel=\"noreferrer noopener\">Presentation<\/a>, <a href=\"https:\/\/wpd.ugr.es\/~sig.proc.audiology\/wp-content\/uploads\/2026\/03\/text_IERASG_2025_UGR_1_tones.pdf\" data-type=\"attachment\" data-id=\"1162\" target=\"_blank\" rel=\"noreferrer noopener\">Slides description<\/a>, <em><a href=\"https:\/\/wpd.ugr.es\/~sig.proc.audiology\/\" data-type=\"post\" data-id=\"1131\">Conference summary<\/a><\/em>]<\/p>\n\n\n\n<div class=\"wp-block-columns is-layout-flex wp-container-core-columns-is-layout-28f84493 wp-block-columns-is-layout-flex\">\n<div class=\"wp-block-column is-layout-flow wp-container-core-column-is-layout-8a368f38 wp-block-column-is-layout-flow\" style=\"flex-basis:50%\"><div class=\"wp-block-image\">\n<figure class=\"alignleft size-full is-resized has-custom-border\" style=\"margin-top:0;margin-right:0;margin-bottom:0;margin-left:0\"><img loading=\"lazy\" decoding=\"async\" width=\"469\" height=\"474\" src=\"https:\/\/wpd.ugr.es\/~sig.proc.audiology\/wp-content\/uploads\/2026\/03\/logo_conf_2025_ierasg.png\" alt=\"\" class=\"wp-image-1900\" style=\"border-style:none;border-width:0px;border-top-left-radius:0px;border-top-right-radius:0px;border-bottom-left-radius:0px;border-bottom-right-radius:0px;width:auto;height:100px\" srcset=\"https:\/\/wpd.ugr.es\/~sig.proc.audiology\/wp-content\/uploads\/2026\/03\/logo_conf_2025_ierasg.png 469w, https:\/\/wpd.ugr.es\/~sig.proc.audiology\/wp-content\/uploads\/2026\/03\/logo_conf_2025_ierasg-297x300.png 297w\" sizes=\"auto, (max-width: 469px) 100vw, 469px\" \/><\/figure>\n<\/div><\/div>\n\n\n\n<div class=\"wp-block-column is-vertically-aligned-top is-layout-flow wp-block-column-is-layout-flow\" style=\"flex-basis:50%\"><div class=\"wp-block-image\">\n<figure class=\"alignleft size-full is-resized\" style=\"margin-top:0;margin-right:0;margin-bottom:0;margin-left:0\"><a href=\"https:\/\/wpd.ugr.es\/~sig.proc.audiology\/wp-content\/uploads\/2026\/03\/conf_2025_ierasg_tonesNoise_logo.png\"><img loading=\"lazy\" decoding=\"async\" width=\"856\" height=\"599\" src=\"https:\/\/wpd.ugr.es\/~sig.proc.audiology\/wp-content\/uploads\/2026\/03\/conf_2025_ierasg_tonesNoise_logo.png\" alt=\"\" class=\"wp-image-1901\" style=\"width:auto;height:100px\" srcset=\"https:\/\/wpd.ugr.es\/~sig.proc.audiology\/wp-content\/uploads\/2026\/03\/conf_2025_ierasg_tonesNoise_logo.png 856w, https:\/\/wpd.ugr.es\/~sig.proc.audiology\/wp-content\/uploads\/2026\/03\/conf_2025_ierasg_tonesNoise_logo-300x210.png 300w, https:\/\/wpd.ugr.es\/~sig.proc.audiology\/wp-content\/uploads\/2026\/03\/conf_2025_ierasg_tonesNoise_logo-768x537.png 768w\" sizes=\"auto, (max-width: 856px) 100vw, 856px\" \/><\/a><\/figure>\n<\/div><\/div>\n<\/div>\n\n\n\n<p class=\"has-small-font-size\"><a href=\"#\">[To dissemination]<\/a> <a href=\"#conference-contributions\">[To conference contributions<\/a><a href=\"https:\/\/www.sciencedirect.com\/science\/article\/pii\/S1746809425019342?via%3Dihub#appSB\" target=\"_blank\" rel=\"noreferrer noopener\">]<\/a><\/p>\n<\/div>\n\n\n\n<div class=\"wp-block-group alignfull is-vertical is-layout-flex wp-container-core-group-is-layout-4b827052 wp-block-group-is-layout-flex\">\n<p class=\"has-small-font-size\" style=\"padding-top:0;padding-right:0;padding-bottom:0;padding-left:0\"><strong>Reduction of the power line interference in a single-channel AEP recording system based on low cost consumer electronics: application for dissemination of audiology concepts in schools and at a science museum<\/strong><br>de la Torre A, Alvarez IM, Mu\u00f1oz-Orellana JA, Mart\u00edn-Lagos J, L\u00f3pez-P\u00e9rez L, Torres-Lara JA.<br>XXIX International Evoked Response Audiometry Study Group (IERASG) Biennial Symposium, Boulder, Colorado, EEUU (June 14-18, <strong>2025<\/strong>)<br>[<em><a href=\"https:\/\/wpd.ugr.es\/~sig.proc.audiology\/wp-content\/uploads\/2026\/03\/abstract_IERASG2025_UGR_2_system.pdf\" data-type=\"attachment\" data-id=\"940\" target=\"_blank\" rel=\"noreferrer noopener\">Abstract<\/a><\/em>, <a href=\"https:\/\/wpd.ugr.es\/~sig.proc.audiology\/wp-content\/uploads\/2026\/03\/Poster_IERASG_2025_UGR_2_system.pdf\" data-type=\"attachment\" data-id=\"1161\" target=\"_blank\" rel=\"noreferrer noopener\">Poster<\/a>, <a href=\"https:\/\/wpd.ugr.es\/~sig.proc.audiology\/wp-content\/uploads\/2026\/03\/text_IERASG_2025_UGR_2_system.pdf\" data-type=\"attachment\" data-id=\"1162\" target=\"_blank\" rel=\"noreferrer noopener\">Poster description<\/a>, <em><a href=\"https:\/\/wpd.ugr.es\/~sig.proc.audiology\/\" data-type=\"post\" data-id=\"1131\">Conference summary<\/a><\/em>]<\/p>\n\n\n\n<div class=\"wp-block-columns is-layout-flex wp-container-core-columns-is-layout-28f84493 wp-block-columns-is-layout-flex\">\n<div class=\"wp-block-column is-layout-flow wp-container-core-column-is-layout-8a368f38 wp-block-column-is-layout-flow\" style=\"flex-basis:50%\"><div class=\"wp-block-image\">\n<figure class=\"alignleft size-full is-resized has-custom-border\" style=\"margin-top:0;margin-right:0;margin-bottom:0;margin-left:0\"><img loading=\"lazy\" decoding=\"async\" width=\"469\" height=\"474\" src=\"https:\/\/wpd.ugr.es\/~sig.proc.audiology\/wp-content\/uploads\/2026\/03\/logo_conf_2025_ierasg.png\" alt=\"\" class=\"wp-image-1900\" style=\"border-style:none;border-width:0px;border-top-left-radius:0px;border-top-right-radius:0px;border-bottom-left-radius:0px;border-bottom-right-radius:0px;width:auto;height:100px\" srcset=\"https:\/\/wpd.ugr.es\/~sig.proc.audiology\/wp-content\/uploads\/2026\/03\/logo_conf_2025_ierasg.png 469w, https:\/\/wpd.ugr.es\/~sig.proc.audiology\/wp-content\/uploads\/2026\/03\/logo_conf_2025_ierasg-297x300.png 297w\" sizes=\"auto, (max-width: 469px) 100vw, 469px\" \/><\/figure>\n<\/div><\/div>\n\n\n\n<div class=\"wp-block-column is-vertically-aligned-top is-layout-flow wp-block-column-is-layout-flow\" style=\"flex-basis:50%\"><div class=\"wp-block-image\">\n<figure class=\"alignleft size-full is-resized\" style=\"margin-top:0;margin-right:0;margin-bottom:0;margin-left:0\"><a href=\"https:\/\/wpd.ugr.es\/~sig.proc.audiology\/wp-content\/uploads\/2026\/03\/conf_2025_ierasg_systemAEPs_logo.png\"><img loading=\"lazy\" decoding=\"async\" width=\"1034\" height=\"309\" src=\"https:\/\/wpd.ugr.es\/~sig.proc.audiology\/wp-content\/uploads\/2026\/03\/conf_2025_ierasg_systemAEPs_logo.png\" alt=\"\" class=\"wp-image-1902\" style=\"width:auto;height:100px\" srcset=\"https:\/\/wpd.ugr.es\/~sig.proc.audiology\/wp-content\/uploads\/2026\/03\/conf_2025_ierasg_systemAEPs_logo.png 1034w, https:\/\/wpd.ugr.es\/~sig.proc.audiology\/wp-content\/uploads\/2026\/03\/conf_2025_ierasg_systemAEPs_logo-300x90.png 300w, https:\/\/wpd.ugr.es\/~sig.proc.audiology\/wp-content\/uploads\/2026\/03\/conf_2025_ierasg_systemAEPs_logo-1024x306.png 1024w, https:\/\/wpd.ugr.es\/~sig.proc.audiology\/wp-content\/uploads\/2026\/03\/conf_2025_ierasg_systemAEPs_logo-768x230.png 768w\" sizes=\"auto, (max-width: 1034px) 100vw, 1034px\" \/><\/a><\/figure>\n<\/div><\/div>\n<\/div>\n\n\n\n<p class=\"has-small-font-size\"><a href=\"#\">[To dissemination]<\/a> <a href=\"#conference-contributions\">[To conference contributions<\/a><a href=\"https:\/\/www.sciencedirect.com\/science\/article\/pii\/S1746809425019342?via%3Dihub#appSB\" target=\"_blank\" rel=\"noreferrer noopener\">]<\/a><\/p>\n<\/div>\n\n\n\n<div class=\"wp-block-group alignfull is-vertical is-layout-flex wp-container-core-group-is-layout-4b827052 wp-block-group-is-layout-flex\">\n<p class=\"has-small-font-size\" style=\"padding-top:0;padding-right:0;padding-bottom:0;padding-left:0\"><strong>Understanding early and late transient responses to speech: experiments using synthetic speech<\/strong><br>de la Torre A, Alvarez IM, M\u00fcller N, Chiquero F, Mart\u00edn-Lagos J, Vargas JL.<br>XXIX International Evoked Response Audiometry Study Group (IERASG) Biennial Symposium, Boulder, Colorado, EEUU (June 14-18, <strong>2025<\/strong>)<br>[<em><a href=\"https:\/\/wpd.ugr.es\/~sig.proc.audiology\/wp-content\/uploads\/2026\/03\/abstract_IERASG2025_UGR_3_syntSpeech.pdf\" data-type=\"attachment\" data-id=\"940\" target=\"_blank\" rel=\"noreferrer noopener\">Abstract<\/a><\/em>, <a href=\"https:\/\/wpd.ugr.es\/~sig.proc.audiology\/wp-content\/uploads\/2026\/03\/Poster_IERASG_2025_UGR_3_syntSpeech.pdf\" data-type=\"attachment\" data-id=\"1161\" target=\"_blank\" rel=\"noreferrer noopener\">Poster<\/a>, <a href=\"https:\/\/wpd.ugr.es\/~sig.proc.audiology\/wp-content\/uploads\/2026\/03\/text_IERASG_2025_UGR_3_syntSpeech.pdf\" data-type=\"attachment\" data-id=\"1162\" target=\"_blank\" rel=\"noreferrer noopener\">Poster description<\/a>, <em><a href=\"https:\/\/wpd.ugr.es\/~sig.proc.audiology\/\" data-type=\"post\" data-id=\"1131\">Conference summary<\/a><\/em>]<\/p>\n\n\n\n<div class=\"wp-block-columns is-layout-flex wp-container-core-columns-is-layout-28f84493 wp-block-columns-is-layout-flex\">\n<div class=\"wp-block-column is-layout-flow wp-container-core-column-is-layout-8a368f38 wp-block-column-is-layout-flow\" style=\"flex-basis:50%\"><div class=\"wp-block-image\">\n<figure class=\"alignleft size-full is-resized has-custom-border\" style=\"margin-top:0;margin-right:0;margin-bottom:0;margin-left:0\"><img loading=\"lazy\" decoding=\"async\" width=\"469\" height=\"474\" src=\"https:\/\/wpd.ugr.es\/~sig.proc.audiology\/wp-content\/uploads\/2026\/03\/logo_conf_2025_ierasg.png\" alt=\"\" class=\"wp-image-1900\" style=\"border-style:none;border-width:0px;border-top-left-radius:0px;border-top-right-radius:0px;border-bottom-left-radius:0px;border-bottom-right-radius:0px;width:auto;height:100px\" srcset=\"https:\/\/wpd.ugr.es\/~sig.proc.audiology\/wp-content\/uploads\/2026\/03\/logo_conf_2025_ierasg.png 469w, https:\/\/wpd.ugr.es\/~sig.proc.audiology\/wp-content\/uploads\/2026\/03\/logo_conf_2025_ierasg-297x300.png 297w\" sizes=\"auto, (max-width: 469px) 100vw, 469px\" \/><\/figure>\n<\/div><\/div>\n\n\n\n<div class=\"wp-block-column is-vertically-aligned-top is-layout-flow wp-block-column-is-layout-flow\" style=\"flex-basis:50%\"><div class=\"wp-block-image\">\n<figure class=\"alignleft size-full is-resized\" style=\"margin-top:0;margin-right:0;margin-bottom:0;margin-left:0\"><a href=\"https:\/\/wpd.ugr.es\/~sig.proc.audiology\/wp-content\/uploads\/2026\/03\/conf_2025_ierasg_speechAEPs_logo.png\"><img loading=\"lazy\" decoding=\"async\" width=\"793\" height=\"495\" src=\"https:\/\/wpd.ugr.es\/~sig.proc.audiology\/wp-content\/uploads\/2026\/03\/conf_2025_ierasg_speechAEPs_logo.png\" alt=\"\" class=\"wp-image-1903\" style=\"width:auto;height:100px\" srcset=\"https:\/\/wpd.ugr.es\/~sig.proc.audiology\/wp-content\/uploads\/2026\/03\/conf_2025_ierasg_speechAEPs_logo.png 793w, https:\/\/wpd.ugr.es\/~sig.proc.audiology\/wp-content\/uploads\/2026\/03\/conf_2025_ierasg_speechAEPs_logo-300x187.png 300w, https:\/\/wpd.ugr.es\/~sig.proc.audiology\/wp-content\/uploads\/2026\/03\/conf_2025_ierasg_speechAEPs_logo-768x479.png 768w\" sizes=\"auto, (max-width: 793px) 100vw, 793px\" \/><\/a><\/figure>\n<\/div><\/div>\n<\/div>\n\n\n\n<p class=\"has-small-font-size\"><a href=\"#\">[To dissemination]<\/a> <a href=\"#conference-contributions\">[To conference contributions<\/a><a href=\"https:\/\/www.sciencedirect.com\/science\/article\/pii\/S1746809425019342?via%3Dihub#appSB\" target=\"_blank\" rel=\"noreferrer noopener\">]<\/a><\/p>\n<\/div>\n\n\n\n<div class=\"wp-block-group alignfull is-vertical is-layout-flex wp-container-core-group-is-layout-4b827052 wp-block-group-is-layout-flex\">\n<p class=\"has-small-font-size\" style=\"padding-top:0;padding-right:0;padding-bottom:0;padding-left:0\"><strong>Auditory evoked responses of the complete auditory pathway using structured stimulation sequences<\/strong><br>M\u00fcller N, de la Torre A, Chiquero F, Alvarez IM, Mart\u00edn-Lagos J, Vargas JL.<br>XXIX International Evoked Response Audiometry Study Group (IERASG) Biennial Symposium, Boulder, Colorado, EEUU (June 14-18, <strong>2025<\/strong>)<br>[<em><a href=\"https:\/\/wpd.ugr.es\/~sig.proc.audiology\/wp-content\/uploads\/2026\/03\/abstract_IERASG2025_UGR_4_struct.pdf\" data-type=\"attachment\" data-id=\"940\" target=\"_blank\" rel=\"noreferrer noopener\">Abstract<\/a><\/em>, <a href=\"https:\/\/wpd.ugr.es\/~sig.proc.audiology\/wp-content\/uploads\/2026\/03\/Poster_IERASG_2025_UGR_4_struct.pdf\" data-type=\"attachment\" data-id=\"1161\" target=\"_blank\" rel=\"noreferrer noopener\">Poster<\/a>, <a href=\"https:\/\/wpd.ugr.es\/~sig.proc.audiology\/wp-content\/uploads\/2026\/03\/text_IERASG_2025_UGR_4_struct.pdf\" data-type=\"attachment\" data-id=\"1162\" target=\"_blank\" rel=\"noreferrer noopener\">Poster description<\/a>, <em><a href=\"https:\/\/wpd.ugr.es\/~sig.proc.audiology\/\" data-type=\"post\" data-id=\"1131\">Conference summary<\/a><\/em>]<\/p>\n\n\n\n<div class=\"wp-block-columns is-layout-flex wp-container-core-columns-is-layout-28f84493 wp-block-columns-is-layout-flex\">\n<div class=\"wp-block-column is-layout-flow wp-container-core-column-is-layout-8a368f38 wp-block-column-is-layout-flow\" style=\"flex-basis:50%\"><div class=\"wp-block-image\">\n<figure class=\"alignleft size-full is-resized has-custom-border\" style=\"margin-top:0;margin-right:0;margin-bottom:0;margin-left:0\"><img loading=\"lazy\" decoding=\"async\" width=\"469\" height=\"474\" src=\"https:\/\/wpd.ugr.es\/~sig.proc.audiology\/wp-content\/uploads\/2026\/03\/logo_conf_2025_ierasg.png\" alt=\"\" class=\"wp-image-1900\" style=\"border-style:none;border-width:0px;border-top-left-radius:0px;border-top-right-radius:0px;border-bottom-left-radius:0px;border-bottom-right-radius:0px;width:auto;height:100px\" srcset=\"https:\/\/wpd.ugr.es\/~sig.proc.audiology\/wp-content\/uploads\/2026\/03\/logo_conf_2025_ierasg.png 469w, https:\/\/wpd.ugr.es\/~sig.proc.audiology\/wp-content\/uploads\/2026\/03\/logo_conf_2025_ierasg-297x300.png 297w\" sizes=\"auto, (max-width: 469px) 100vw, 469px\" \/><\/figure>\n<\/div><\/div>\n\n\n\n<div class=\"wp-block-column is-vertically-aligned-top is-layout-flow wp-block-column-is-layout-flow\" style=\"flex-basis:50%\"><div class=\"wp-block-image\">\n<figure class=\"alignleft size-full is-resized\" style=\"margin-top:0;margin-right:0;margin-bottom:0;margin-left:0\"><a href=\"https:\/\/wpd.ugr.es\/~sig.proc.audiology\/wp-content\/uploads\/2026\/03\/conf_2025_ierasg_struct_logo.png\"><img loading=\"lazy\" decoding=\"async\" width=\"729\" height=\"451\" src=\"https:\/\/wpd.ugr.es\/~sig.proc.audiology\/wp-content\/uploads\/2026\/03\/conf_2025_ierasg_struct_logo.png\" alt=\"\" class=\"wp-image-1904\" style=\"width:auto;height:100px\" srcset=\"https:\/\/wpd.ugr.es\/~sig.proc.audiology\/wp-content\/uploads\/2026\/03\/conf_2025_ierasg_struct_logo.png 729w, https:\/\/wpd.ugr.es\/~sig.proc.audiology\/wp-content\/uploads\/2026\/03\/conf_2025_ierasg_struct_logo-300x186.png 300w\" sizes=\"auto, (max-width: 729px) 100vw, 729px\" \/><\/a><\/figure>\n<\/div><\/div>\n<\/div>\n\n\n\n<p class=\"has-small-font-size\"><a href=\"#\">[To dissemination]<\/a> <a href=\"#conference-contributions\">[To conference contributions<\/a><a href=\"https:\/\/www.sciencedirect.com\/science\/article\/pii\/S1746809425019342?via%3Dihub#appSB\" target=\"_blank\" rel=\"noreferrer noopener\">]<\/a><\/p>\n<\/div>\n<\/div>\n\n\n\n<h1 class=\"wp-block-heading has-huge-font-size\">Social program<\/h1>\n\n\n\n<p>We would like to thank <a href=\"https:\/\/profiles.auckland.ac.nz\/sc-purdy\" data-type=\"link\" data-id=\"https:\/\/profiles.auckland.ac.nz\/sc-purdy\" target=\"_blank\" rel=\"noreferrer noopener\">Prof Suzanne Purdy<\/a> (Chair of the conference, University of Auckland, New Zealand), <a href=\"https:\/\/profiles.ucdenver.edu\/display\/224264\" data-type=\"link\" data-id=\"https:\/\/profiles.auckland.ac.nz\/sc-purdy\" target=\"_blank\" rel=\"noreferrer noopener\">Prof. Kristin Uhler<\/a> (co-Chair, University of Colorado, USA) and <a href=\"https:\/\/www.colorado.edu\/ics\/christine-yoshinaga-itano\" data-type=\"link\" data-id=\"https:\/\/www.researchgate.net\/profile\/Martin-Walger\" target=\"_blank\" rel=\"noreferrer noopener\">Prof Christine Yoshinaga-Itano<\/a> (co-Chair, University of Colorado, USA), and the Organising Committee for the excellent organisation of the conference and for the highly entertaining social program, which included a forest hike to reach the <a href=\"https:\/\/www.bouldercoloradousa.com\/things-to-do\/insider-guides\/flatirons\/\">Flatirons<\/a> in the <a href=\"https:\/\/www.chautauqua.com\/\" data-type=\"link\" data-id=\"https:\/\/www.researchgate.net\/profile\/Martin-Walger\" target=\"_blank\" rel=\"noreferrer noopener\">Chautauqua&nbsp;Park<\/a>.<\/p>\n\n\n\n<figure class=\"wp-block-image size-full\"><img loading=\"lazy\" decoding=\"async\" width=\"900\" height=\"427\" src=\"https:\/\/wpd.ugr.es\/~sig.proc.audiology\/wp-content\/uploads\/2026\/03\/flatiron1314.jpg\" alt=\"\" class=\"wp-image-1729\" srcset=\"https:\/\/wpd.ugr.es\/~sig.proc.audiology\/wp-content\/uploads\/2026\/03\/flatiron1314.jpg 900w, https:\/\/wpd.ugr.es\/~sig.proc.audiology\/wp-content\/uploads\/2026\/03\/flatiron1314-300x142.jpg 300w, https:\/\/wpd.ugr.es\/~sig.proc.audiology\/wp-content\/uploads\/2026\/03\/flatiron1314-768x364.jpg 768w\" sizes=\"auto, (max-width: 900px) 100vw, 900px\" \/><\/figure>\n","protected":false},"excerpt":{"rendered":"<p>We have attended to the 29th Biennial Symposium of the International Evoked Response Audiometry Study Group (IERASG), in Boulder, Colorado (USA) from 14th to 18th of June 2025. IERASG is a society that provides an open forum to advance global understanding and practice in the field of evoked responses. IERASG meets once every two years<a class=\"more-link\" href=\"https:\/\/wpd.ugr.es\/~sig.proc.audiology\/2025\/ierasg-2025\/\">Continue reading <span class=\"screen-reader-text\">&#8220;XXIX-IERASG Symposium, Boulder, Colorado (USA)&#8221;<\/span><\/a><\/p>\n","protected":false},"author":1,"featured_media":1900,"comment_status":"closed","ping_status":"closed","sticky":false,"template":"","format":"standard","meta":{"_acf_changed":false,"footnotes":""},"categories":[1],"tags":[],"class_list":["post-1692","post","type-post","status-publish","format-standard","has-post-thumbnail","hentry","category-dissemination","entry"],"acf":[],"_links":{"self":[{"href":"https:\/\/wpd.ugr.es\/~sig.proc.audiology\/wp-json\/wp\/v2\/posts\/1692","targetHints":{"allow":["GET"]}}],"collection":[{"href":"https:\/\/wpd.ugr.es\/~sig.proc.audiology\/wp-json\/wp\/v2\/posts"}],"about":[{"href":"https:\/\/wpd.ugr.es\/~sig.proc.audiology\/wp-json\/wp\/v2\/types\/post"}],"author":[{"embeddable":true,"href":"https:\/\/wpd.ugr.es\/~sig.proc.audiology\/wp-json\/wp\/v2\/users\/1"}],"replies":[{"embeddable":true,"href":"https:\/\/wpd.ugr.es\/~sig.proc.audiology\/wp-json\/wp\/v2\/comments?post=1692"}],"version-history":[{"count":11,"href":"https:\/\/wpd.ugr.es\/~sig.proc.audiology\/wp-json\/wp\/v2\/posts\/1692\/revisions"}],"predecessor-version":[{"id":2013,"href":"https:\/\/wpd.ugr.es\/~sig.proc.audiology\/wp-json\/wp\/v2\/posts\/1692\/revisions\/2013"}],"wp:featuredmedia":[{"embeddable":true,"href":"https:\/\/wpd.ugr.es\/~sig.proc.audiology\/wp-json\/wp\/v2\/media\/1900"}],"wp:attachment":[{"href":"https:\/\/wpd.ugr.es\/~sig.proc.audiology\/wp-json\/wp\/v2\/media?parent=1692"}],"wp:term":[{"taxonomy":"category","embeddable":true,"href":"https:\/\/wpd.ugr.es\/~sig.proc.audiology\/wp-json\/wp\/v2\/categories?post=1692"},{"taxonomy":"post_tag","embeddable":true,"href":"https:\/\/wpd.ugr.es\/~sig.proc.audiology\/wp-json\/wp\/v2\/tags?post=1692"}],"curies":[{"name":"wp","href":"https:\/\/api.w.org\/{rel}","templated":true}]}}