{"id":1114,"date":"2018-03-16T09:40:40","date_gmt":"2018-03-16T09:40:40","guid":{"rendered":"http:\/\/wpd.ugr.es\/~tortiz\/?p=1114"},"modified":"2018-05-04T09:56:07","modified_gmt":"2018-05-04T09:56:07","slug":"entrevista-a-teresa-ortiz-en-la-revista-historia-ciencias-saude-manguinhos-2","status":"publish","type":"post","link":"https:\/\/wpd.ugr.es\/~tortiz\/?p=1114","title":{"rendered":"<!--:en-->Entrevista a Teresa Ortiz en la revista Hist\u00f3ria , Ci\u00eancias, Sa\u00fade &#8211; Manguinhos<!--:--><!--:es-->Entrevista a Teresa Ortiz en la revista Hist\u00f3ria , Ci\u00eancias, Sa\u00fade &#8211; Manguinhos<!--:-->"},"content":{"rendered":"<p><!--:es-->&#8220;La historia de las mujeres en la medicina se empieza a escribir a finales del siglo XIX, influida por las luchas sufragistas y por el inter\u00e9s a la sexualidad que aflora a partir de los a\u00f1os setenta en el mundo acad\u00e9mico, en conexi\u00f3n con los movimientos por los derechos de las mujeres a la anticoncepci\u00f3n&#8230; <a href=\"http:\/\/www.revistahcsm.coc.fiocruz.br\/english\/el-feminismo-y-la-historia-de-la-medicina\/\" target=\"_blank\">Leer m\u00e1s<\/a><\/p>\n<p>&nbsp;<\/p>\n<p><a href=\"http:\/\/wpd.ugr.es\/~tortiz\/wp-content\/uploads\/entrevista-mangui\u00f1os.png\"><img decoding=\"async\" loading=\"lazy\" class=\"alignleft size-full wp-image-843\" src=\"http:\/\/wpd.ugr.es\/~tortiz\/wp-content\/uploads\/entrevista-mangui\u00f1os.png\" alt=\"entrevista mangui\u00f1os\" width=\"700\" height=\"377\" srcset=\"https:\/\/wpd.ugr.es\/~tortiz\/wp-content\/uploads\/entrevista-mangui\u00f1os.png 700w, https:\/\/wpd.ugr.es\/~tortiz\/wp-content\/uploads\/entrevista-mangui\u00f1os-300x162.png 300w\" sizes=\"(max-width: 700px) 100vw, 700px\" \/><\/a><!--:--><\/p>\n","protected":false},"excerpt":{"rendered":"<p>&#8220;La historia de las mujeres en la medicina se empieza a escribir a finales del siglo XIX, influida por las luchas sufragistas y por el inter\u00e9s a la sexualidad que aflora a partir de los a\u00f1os setenta en el mundo acad\u00e9mico, en conexi\u00f3n con los movimientos por los derechos de las mujeres a la anticoncepci\u00f3n&#8230; Leer m\u00e1s &nbsp;<\/p>\n","protected":false},"author":1,"featured_media":843,"comment_status":"open","ping_status":"open","sticky":false,"template":"","format":"standard","meta":[],"categories":[30],"tags":[],"_links":{"self":[{"href":"https:\/\/wpd.ugr.es\/~tortiz\/index.php?rest_route=\/wp\/v2\/posts\/1114"}],"collection":[{"href":"https:\/\/wpd.ugr.es\/~tortiz\/index.php?rest_route=\/wp\/v2\/posts"}],"about":[{"href":"https:\/\/wpd.ugr.es\/~tortiz\/index.php?rest_route=\/wp\/v2\/types\/post"}],"author":[{"embeddable":true,"href":"https:\/\/wpd.ugr.es\/~tortiz\/index.php?rest_route=\/wp\/v2\/users\/1"}],"replies":[{"embeddable":true,"href":"https:\/\/wpd.ugr.es\/~tortiz\/index.php?rest_route=%2Fwp%2Fv2%2Fcomments&post=1114"}],"version-history":[{"count":3,"href":"https:\/\/wpd.ugr.es\/~tortiz\/index.php?rest_route=\/wp\/v2\/posts\/1114\/revisions"}],"predecessor-version":[{"id":1119,"href":"https:\/\/wpd.ugr.es\/~tortiz\/index.php?rest_route=\/wp\/v2\/posts\/1114\/revisions\/1119"}],"wp:featuredmedia":[{"embeddable":true,"href":"https:\/\/wpd.ugr.es\/~tortiz\/index.php?rest_route=\/wp\/v2\/media\/843"}],"wp:attachment":[{"href":"https:\/\/wpd.ugr.es\/~tortiz\/index.php?rest_route=%2Fwp%2Fv2%2Fmedia&parent=1114"}],"wp:term":[{"taxonomy":"category","embeddable":true,"href":"https:\/\/wpd.ugr.es\/~tortiz\/index.php?rest_route=%2Fwp%2Fv2%2Fcategories&post=1114"},{"taxonomy":"post_tag","embeddable":true,"href":"https:\/\/wpd.ugr.es\/~tortiz\/index.php?rest_route=%2Fwp%2Fv2%2Ftags&post=1114"}],"curies":[{"name":"wp","href":"https:\/\/api.w.org\/{rel}","templated":true}]}}