{"id":725,"date":"2015-06-24T07:26:48","date_gmt":"2015-06-24T07:26:48","guid":{"rendered":"http:\/\/wpd.ugr.es\/~tortiz\/?p=725"},"modified":"2015-06-24T07:26:48","modified_gmt":"2015-06-24T07:26:48","slug":"aranzazu-borrachero-presentara-su-proyecto-mujer-y-memoriaaranzazu-borrachero-presentara-su-proyecto-mujer-y-memoria","status":"publish","type":"post","link":"https:\/\/wpd.ugr.es\/~tortiz\/?p=725","title":{"rendered":"Ar\u00e1nzazu Borrachero presentar\u00e1 su proyecto \u201cMujer y Memoria\u201dAr\u00e1nzazu Borrachero presentar\u00e1 su proyecto \u201cMujer y Memoria\u201d"},"content":{"rendered":"<p><a href=\"http:\/\/wpd.ugr.es\/~tortiz\/wp-content\/uploads\/mujer-y-memoria-800x480.jpg\"><img decoding=\"async\" loading=\"lazy\" class=\"alignnone size-full wp-image-699\" src=\"http:\/\/wpd.ugr.es\/~tortiz\/wp-content\/uploads\/mujer-y-memoria-800x480.jpg\" alt=\"mujer-y-memoria-800x480\" width=\"800\" height=\"480\" srcset=\"https:\/\/wpd.ugr.es\/~tortiz\/wp-content\/uploads\/mujer-y-memoria-800x480.jpg 800w, https:\/\/wpd.ugr.es\/~tortiz\/wp-content\/uploads\/mujer-y-memoria-800x480-300x180.jpg 300w\" sizes=\"(max-width: 800px) 100vw, 800px\" \/><\/a><\/p>\n<p>Conferencia de la profesora Ar\u00e1nzazu Borrachero de Queensborough Community College de Nueva York, que presentar\u00e1 su proyecto \u201c<b>Mujer y Memoria<\/b>\u201d\u00a0 el d\u00eda 17 de junio \u00a0a las 12:30 en el Sal\u00f3n de Actos\u00a0<em>Francisco Mu\u00f1oz<\/em>\u00a0del Centro de Documentaci\u00f3n Cient\u00edfica de la UGR.<\/p>\n<p>La conferencia forma parte de las actividades del Proyecto ASYS: Anticoncepci\u00f3n, sexualidad y salud: memorias de vida y practicas sanitarias en Espa\u00f1a durante el franquismo y la transici\u00f3n democr\u00e1tica [HAR2012-39644-C02-01] que dirige la profesora Teresa Ortiz G\u00f3mez.<\/p>\n<p>M\u00e1s informaci\u00f3n: <a href=\"http:\/\/www.mujerymemoria.org\/\" target=\"_blank\">http:\/\/www.mujerymemoria.org<\/a><\/p>\n","protected":false},"excerpt":{"rendered":"<p>Conferencia de la profesora Ar\u00e1nzazu Borrachero de Queensborough Community College de Nueva York, que presentar\u00e1 su proyecto \u201cMujer y Memoria\u201d\u00a0 el d\u00eda 17 de junio \u00a0a las 12:30 en el Sal\u00f3n de Actos\u00a0Francisco Mu\u00f1oz\u00a0del Centro de Documentaci\u00f3n Cient\u00edfica de la UGR. La conferencia forma parte de las actividades del Proyecto ASYS: Anticoncepci\u00f3n, sexualidad y salud: memorias de vida y practicas sanitarias en Espa\u00f1a durante el franquismo y la transici\u00f3n democr\u00e1tica [HAR2012-39644-C02-01] que dirige la profesora Teresa Ortiz G\u00f3mez. M\u00e1s informaci\u00f3n: http:\/\/www.mujerymemoria.org<\/p>\n","protected":false},"author":1,"featured_media":699,"comment_status":"open","ping_status":"open","sticky":false,"template":"","format":"standard","meta":[],"categories":[30],"tags":[],"_links":{"self":[{"href":"https:\/\/wpd.ugr.es\/~tortiz\/index.php?rest_route=\/wp\/v2\/posts\/725"}],"collection":[{"href":"https:\/\/wpd.ugr.es\/~tortiz\/index.php?rest_route=\/wp\/v2\/posts"}],"about":[{"href":"https:\/\/wpd.ugr.es\/~tortiz\/index.php?rest_route=\/wp\/v2\/types\/post"}],"author":[{"embeddable":true,"href":"https:\/\/wpd.ugr.es\/~tortiz\/index.php?rest_route=\/wp\/v2\/users\/1"}],"replies":[{"embeddable":true,"href":"https:\/\/wpd.ugr.es\/~tortiz\/index.php?rest_route=%2Fwp%2Fv2%2Fcomments&post=725"}],"version-history":[{"count":1,"href":"https:\/\/wpd.ugr.es\/~tortiz\/index.php?rest_route=\/wp\/v2\/posts\/725\/revisions"}],"predecessor-version":[{"id":726,"href":"https:\/\/wpd.ugr.es\/~tortiz\/index.php?rest_route=\/wp\/v2\/posts\/725\/revisions\/726"}],"wp:featuredmedia":[{"embeddable":true,"href":"https:\/\/wpd.ugr.es\/~tortiz\/index.php?rest_route=\/wp\/v2\/media\/699"}],"wp:attachment":[{"href":"https:\/\/wpd.ugr.es\/~tortiz\/index.php?rest_route=%2Fwp%2Fv2%2Fmedia&parent=725"}],"wp:term":[{"taxonomy":"category","embeddable":true,"href":"https:\/\/wpd.ugr.es\/~tortiz\/index.php?rest_route=%2Fwp%2Fv2%2Fcategories&post=725"},{"taxonomy":"post_tag","embeddable":true,"href":"https:\/\/wpd.ugr.es\/~tortiz\/index.php?rest_route=%2Fwp%2Fv2%2Ftags&post=725"}],"curies":[{"name":"wp","href":"https:\/\/api.w.org\/{rel}","templated":true}]}}